{"id":13062,"date":"2019-06-13T01:47:23","date_gmt":"2019-06-13T04:47:23","guid":{"rendered":"https:\/\/guiadenoticias.com.ar\/diario\/?p=13062"},"modified":"2019-06-13T01:47:23","modified_gmt":"2019-06-13T04:47:23","slug":"posse-destaco-que-el-golf-de-villa-adelina-sea-espacio-verde","status":"publish","type":"post","link":"https:\/\/guiadenoticias.com.ar\/diario\/posse-destaco-que-el-golf-de-villa-adelina-sea-espacio-verde\/","title":{"rendered":"Posse destac\u00f3 que el golf de Villa Adelina sea espacio verde"},"content":{"rendered":"<p>Luego de la decisi\u00f3n del gobierno nacional, propietario del terreno conocido como Golf de Villa Adelina, de transformarlo en espacio p\u00fablico, el intendente de San Isidro, Gustavo Posse, celebr\u00f3 la decisi\u00f3n que \u201catiende el reclamo de los vecinos\u201d.<\/p>\n<p>El predio del golf es administrado por la Agencia de Administraci\u00f3n de Bienes del Estado (AABE), que el a\u00f1o pasado hab\u00eda presentado un proyecto en el que el 30 por ciento de ese espacio iba a destinarse a edificios de vivienda y oficinas y el resto a espacios p\u00fablicos para los vecinos.<\/p>\n<p>La iniciativa gener\u00f3 rechazo en vecinos, principalmente nucleados en la Asamblea del Golf, que tuvieron encuentros con el jefe comunal, legisladores y titulares del AABE.<\/p>\n<p>Finalmente, en una Resoluci\u00f3n reciente se dispuso destinar el predio en su totalidad a espacio verde, que incluya el desarrollo de un parque p\u00fablico, para que pueda ser utilizado los vecinos.<\/p>\n<p>\u201cLo importante es respetar la voluntad de los vecinos. El proyecto que hab\u00eda presentado el AABE no conform\u00f3 a todos, por lo que esta decisi\u00f3n es la m\u00e1s conveniente\u201d, destac\u00f3 Posse.<\/p>\n<p>Y explic\u00f3, \u201cdesde el Estado municipal vamos a gestionar con el gobierno nacional los instrumentos jur\u00eddicos necesarios para que se garantice que esta Resoluci\u00f3n se pueda cumplir m\u00e1s all\u00e1 de quien circunstancialmente est\u00e9 en el gobierno. El municipio har\u00e1 todo lo que haga falta para que este predio realmente se convierta en un parque p\u00fablico\u201d.<\/p>\n<p>Por \u00faltimo enfatiz\u00f3: \u201cSiempre mantuvimos la misma l\u00ednea con respecto a este tema. El lugar ya ten\u00eda una codificaci\u00f3n para que fuese \u00e1rea verde y evitar as\u00ed que este espacio fuera utilizado como shopping o hipermercado. Desde el municipio siempre pondremos todas las herramientas para conservar este lugar para los vecinos\u201d.<\/p>\n","protected":false},"excerpt":{"rendered":"<p>Luego de la decisi\u00f3n del gobierno nacional, propietario del terreno conocido como Golf de Villa Adelina, de transformarlo en espacio p\u00fablico, el intendente de San Isidro, Gustavo Posse, celebr\u00f3 la decisi\u00f3n que \u201catiende el reclamo de los vecinos\u201d. El predio del golf es administrado por la Agencia de Administraci\u00f3n de Bienes del Estado (AABE), que [&hellip;]<\/p>\n","protected":false},"author":1,"featured_media":13063,"comment_status":"closed","ping_status":"open","sticky":false,"template":"","format":"standard","meta":{"footnotes":""},"categories":[19,20,30,21],"tags":[],"class_list":{"0":"post-13062","1":"post","2":"type-post","3":"status-publish","4":"format-standard","5":"has-post-thumbnail","7":"category-informacion-general","8":"category-municipios","9":"category-nacion","10":"category-san-isidro"},"aioseo_notices":[],"_links":{"self":[{"href":"https:\/\/guiadenoticias.com.ar\/diario\/wp-json\/wp\/v2\/posts\/13062","targetHints":{"allow":["GET"]}}],"collection":[{"href":"https:\/\/guiadenoticias.com.ar\/diario\/wp-json\/wp\/v2\/posts"}],"about":[{"href":"https:\/\/guiadenoticias.com.ar\/diario\/wp-json\/wp\/v2\/types\/post"}],"author":[{"embeddable":true,"href":"https:\/\/guiadenoticias.com.ar\/diario\/wp-json\/wp\/v2\/users\/1"}],"replies":[{"embeddable":true,"href":"https:\/\/guiadenoticias.com.ar\/diario\/wp-json\/wp\/v2\/comments?post=13062"}],"version-history":[{"count":1,"href":"https:\/\/guiadenoticias.com.ar\/diario\/wp-json\/wp\/v2\/posts\/13062\/revisions"}],"predecessor-version":[{"id":13064,"href":"https:\/\/guiadenoticias.com.ar\/diario\/wp-json\/wp\/v2\/posts\/13062\/revisions\/13064"}],"wp:featuredmedia":[{"embeddable":true,"href":"https:\/\/guiadenoticias.com.ar\/diario\/wp-json\/wp\/v2\/media\/13063"}],"wp:attachment":[{"href":"https:\/\/guiadenoticias.com.ar\/diario\/wp-json\/wp\/v2\/media?parent=13062"}],"wp:term":[{"taxonomy":"category","embeddable":true,"href":"https:\/\/guiadenoticias.com.ar\/diario\/wp-json\/wp\/v2\/categories?post=13062"},{"taxonomy":"post_tag","embeddable":true,"href":"https:\/\/guiadenoticias.com.ar\/diario\/wp-json\/wp\/v2\/tags?post=13062"}],"curies":[{"name":"wp","href":"https:\/\/api.w.org\/{rel}","templated":true}]}}