{"id":13065,"date":"2019-06-13T02:22:18","date_gmt":"2019-06-13T05:22:18","guid":{"rendered":"https:\/\/guiadenoticias.com.ar\/diario\/?p=13065"},"modified":"2019-06-14T01:14:41","modified_gmt":"2019-06-14T04:14:41","slug":"informe-como-quedan-las-alianzas-electorales-en-si","status":"publish","type":"post","link":"https:\/\/guiadenoticias.com.ar\/diario\/informe-como-quedan-las-alianzas-electorales-en-si\/","title":{"rendered":"Informe: C\u00f3mo quedan las alianzas electorales en SI"},"content":{"rendered":"<p>Mientras que en Olivos daban los primeros pasos de la sociedad Macri &#8211; Pichetto, Lavagna sumaba a Urtubey \u00a0y Alberto Fern\u00e1ndez cerraba el acuerdo con Sergio Massa, en San Isidro hubo movimientos para todos los gustos.<\/p>\n<p>El nuevo frente vecinal ConVocaci\u00f3n C\u00edvica Cambia San Isidro fue presentado en la Justicia Electoral de La Plata. Representantes de ConVocaci\u00f3n, del concejal Carlos Castellano y del funcionario nacional Ram\u00f3n Lan\u00fas cerraron un acuerdo trabajado desde hace 18 meses.<\/p>\n<p>El partido vecinal, que cuenta con cinco concejales, y el ex presidente del HCD oficializaron as\u00ed un trabajo conjunto que data de la elecci\u00f3n de autoridades en diciembre de 2017. Lograron sumar al presidente de la AABE, uno de los fundadores del PRO a nivel nacional, quien desde hace meses camina el distrito para fortalecer su conocimiento p\u00fablico. Dentro de este esquema reportan tambi\u00e9n el edil radical Carlos Juncos y Jorge \u00c1lvarez, de IADEPP.<\/p>\n<p>Este espacio cuenta con terminales en altas esferas de los gobiernos provincial y nacional, y el apoyo de sectores peronistas y radicales d\u00edscolos a la conducci\u00f3n de Gustavo Posse.<\/p>\n<p>Por otro lado manejan encuestas que alimentan sus expectativas. Gu\u00eda de Noticias accedi\u00f3 a un estudio hecho hace un par de meses que arroj\u00f3 que la intenci\u00f3n de voto a Posse en las PASO es de 30%. Mientras que la de Marcos Hilding-Ohlsson es de 24%, y las de sus aliados Castellano y Lan\u00fas son de 8.7% y 5.1% respectivamente. En las generales las variables son otras.<\/p>\n<p>En cuanto a candidaturas, ConVocaci\u00f3n confirm\u00f3 por medio de un comunicado el<br \/>\nlanzamiento del dos veces concejal Hilding-Ohlsson. Ram\u00f3n Lan\u00fas, por su lado,<br \/>\nmanejar\u00e1 dos escenarios hasta el 22: mientras que firm\u00f3 esta alianza local, por redes<br \/>\nsociales reclama una interna a Posse.<\/p>\n<p><strong>OFICIALISMO, CONFIRMADO<\/strong><\/p>\n<p>Las filas de Posse est\u00e1n ordenadas desde que logr\u00f3 recuperar el control del Concejo Deliberante, con un gui\u00f1o desde La Plata. No deber\u00eda atravesar una interna como en 2015, cuando el PRO lo enfrent\u00f3 con Guillermo Montenegro, pero la consolidaci\u00f3n de una oferta vecinal filo macrista le puede restar votos.<\/p>\n<p>El intendente conf\u00eda en lograr su \u00faltimo mandato con el apoyo de los referentes del PRO local, Rosal\u00eda Fucello y Rodrigo Segu\u00edn, el comit\u00e9 distrital de la UCR y sus propios sellos partidarios, Acci\u00f3n Vecinal y Espacio Abierto. Adem\u00e1s, incorporar\u00e1n al flamante Juntos por el Cambio el renacido Movimiento de Integraci\u00f3n y Desarrollo.<\/p>\n<p>Ser\u00e1 clave en esta compulsa el peso de los dirigentes peronistas que incorpor\u00f3 a la gesti\u00f3n, como Leandro Mart\u00edn, as\u00ed como el hist\u00f3rico \u00a0edil Pablo Fontanet. Ambos tienen influencia en las \u00e1reas populares del distrito.<\/p>\n<p><strong>EL PERONISMO EN EBULLICI\u00d3N<\/strong><\/p>\n<p>Antes de estar confirmada la incorporaci\u00f3n del Frente Renovador a un acuerdo amplio con Alberto Fern\u00e1ndez y CFK, la dirigencia de Unidad Ciudadana de San Isidro determin\u00f3 pasos a seguir. La mesa de conducci\u00f3n, donde participan todas las organizaciones K, deleg\u00f3 a la senadora provincial Teresa Garc\u00eda y a otros dirigentes la responsabilidad de tender l\u00edneas con las otras fuerzas pol\u00edticas de la nueva alianza electoral.<\/p>\n<p>Referentes del kirchnerismo aseguraron a Gu\u00eda de Noticias que no hubo llamados a\u00fan entre Garc\u00eda y Santiago Cafiero, referente del PJ, y tampoco acercamientos a Sebasti\u00e1n Galmarini, cabeza del massismo local. Desde estos sectores tambi\u00e9n confirmaron que no iniciaron las negociaciones a la espera de definiciones nacionales.<\/p>\n<p>En principio, prima un muy posible un escenario de PASO. Particularmente, los kirchneristas no ven factible por ahora compartir lista con el massismo. Viejas heridas deber\u00e1n ser superadas, entre los cristinistas y sus compa\u00f1eros del PJ.<\/p>\n<p>Los primeros aseguraron que \u201cno hay diferencias de fondo, sino metodol\u00f3gicas\u201d. Mientras que los justicialistas, por su lado, quieren contribuir a que Macri no contin\u00fae en la Rosada. \u201cNo tenemos ambiciones personales\u201d, dijeron, \u201cpero cuando llegue el momento defenderemos el lugar de nuestros compa\u00f1eros\u201d, confiaron, adelantando la rosca por las listas.<\/p>\n<p>No suenan candidaturas en este nuevo frente, pero empez\u00f3 a circular un video propagand\u00edstico de la edil Fernanda Mi\u00f1o, impulsada por los movimientos sociales.<\/p>\n<p>En la otra esquina del peronismo, la calle del medio tomar\u00e1 el nombre de Consenso Federal. Los referentes locales como Mart\u00edn Palma y Sergio Patr\u00f3n Costas trabajan para consolidar \u201cuna alternativa\u201d, con sectores del radicalismo y del progresismo.<\/p>\n","protected":false},"excerpt":{"rendered":"<p>Mientras que en Olivos daban los primeros pasos de la sociedad Macri &#8211; Pichetto, Lavagna sumaba a Urtubey \u00a0y Alberto Fern\u00e1ndez cerraba el acuerdo con Sergio Massa, en San Isidro hubo movimientos para todos los gustos. El nuevo frente vecinal ConVocaci\u00f3n C\u00edvica Cambia San Isidro fue presentado en la Justicia Electoral de La Plata. Representantes [&hellip;]<\/p>\n","protected":false},"author":1,"featured_media":13066,"comment_status":"closed","ping_status":"open","sticky":false,"template":"","format":"standard","meta":{"footnotes":""},"categories":[20,48,21],"tags":[],"class_list":{"0":"post-13065","1":"post","2":"type-post","3":"status-publish","4":"format-standard","5":"has-post-thumbnail","7":"category-municipios","8":"category-politica-argentina","9":"category-san-isidro"},"aioseo_notices":[],"_links":{"self":[{"href":"https:\/\/guiadenoticias.com.ar\/diario\/wp-json\/wp\/v2\/posts\/13065","targetHints":{"allow":["GET"]}}],"collection":[{"href":"https:\/\/guiadenoticias.com.ar\/diario\/wp-json\/wp\/v2\/posts"}],"about":[{"href":"https:\/\/guiadenoticias.com.ar\/diario\/wp-json\/wp\/v2\/types\/post"}],"author":[{"embeddable":true,"href":"https:\/\/guiadenoticias.com.ar\/diario\/wp-json\/wp\/v2\/users\/1"}],"replies":[{"embeddable":true,"href":"https:\/\/guiadenoticias.com.ar\/diario\/wp-json\/wp\/v2\/comments?post=13065"}],"version-history":[{"count":3,"href":"https:\/\/guiadenoticias.com.ar\/diario\/wp-json\/wp\/v2\/posts\/13065\/revisions"}],"predecessor-version":[{"id":13071,"href":"https:\/\/guiadenoticias.com.ar\/diario\/wp-json\/wp\/v2\/posts\/13065\/revisions\/13071"}],"wp:featuredmedia":[{"embeddable":true,"href":"https:\/\/guiadenoticias.com.ar\/diario\/wp-json\/wp\/v2\/media\/13066"}],"wp:attachment":[{"href":"https:\/\/guiadenoticias.com.ar\/diario\/wp-json\/wp\/v2\/media?parent=13065"}],"wp:term":[{"taxonomy":"category","embeddable":true,"href":"https:\/\/guiadenoticias.com.ar\/diario\/wp-json\/wp\/v2\/categories?post=13065"},{"taxonomy":"post_tag","embeddable":true,"href":"https:\/\/guiadenoticias.com.ar\/diario\/wp-json\/wp\/v2\/tags?post=13065"}],"curies":[{"name":"wp","href":"https:\/\/api.w.org\/{rel}","templated":true}]}}