{"id":13082,"date":"2019-06-17T21:59:26","date_gmt":"2019-06-18T00:59:26","guid":{"rendered":"https:\/\/guiadenoticias.com.ar\/diario\/?p=13082"},"modified":"2019-06-17T21:59:26","modified_gmt":"2019-06-18T00:59:26","slug":"pirillo-entre-las-paritarias-y-el-peronismo","status":"publish","type":"post","link":"https:\/\/guiadenoticias.com.ar\/diario\/pirillo-entre-las-paritarias-y-el-peronismo\/","title":{"rendered":"Pirillo, entre las paritarias y el peronismo"},"content":{"rendered":"<p>Victorio Pirillo, secretario general del Sindicato de Trabajadores Municipales de Vicente L\u00f3pez, manifest\u00f3 su satisfacci\u00f3n con la suba de 35% al b\u00e1sico para los pr\u00f3ximos meses. El acuerdo fue alcanzado en el marco de la paritaria realizada por su sindicato y ATE frente al gobierno de Jorge Macri. Las organizaciones pudieron adelantar la mesa dos meses, aunque fue m\u00e1s extensa de lo previsto por desacuerdos en cuanto a los porcentajes.<\/p>\n<p>La primera cuota del incremento ser\u00e1 11% con el sueldo de junio y 2% en el aguinaldo. Las siguientes ser\u00e1n otro 11% para julio y septiembre, y 2% en enero.\u00a0 Los gremios pidieron nuevamente un bono navide\u00f1o.<\/p>\n<p>\u201cRompimos el techo de 28% firmado por otros sindicatos estatales\u201d, celebr\u00f3 Pirillo, e indic\u00f3 que la suba total rondar\u00e1 el 40% gracias a los aguinaldos.<\/p>\n<p>En otro orden de cosas, la gesti\u00f3n comunal rechaz\u00f3 recategorizar a los enfermeros y m\u00e9dicos del sistema sanitario local como administrativos, como hicieron los gobiernos porte\u00f1o y bonaerense. \u201cLogramos que sigan siendo considerados profesionales, porque tienen licenciaturas universitarias\u201d, asegur\u00f3 el referente sindical.<\/p>\n<p><strong>LA RELACI\u00d3N CON JORGE MACRI<\/strong><\/p>\n<p>Pirillo tom\u00f3 en cuenta la postura del jefe comunal en la paritaria. \u201cEs un hombre duro, pero inteligente. Escuch\u00f3, habl\u00f3 y acept\u00f3 nuestras demandas. Es doblemente valorable porque es un Macri\u201d, remarc\u00f3.<\/p>\n<p>En este marco explic\u00f3 las maneras en que fueron desarrolladas las negociaciones por el SMTVL. \u201cOptamos siempre por el di\u00e1logo; no exponer a la gente y evitarle situaciones traum\u00e1ticas. No implica renunciar a las luchas. Las luchas \u00a0hay que darlas en las situaciones extremas, cuando no hay di\u00e1logo\u201d, sostuvo.<\/p>\n<p>\u201cEntiendo que formamos parte de un sector sensible. Si bien no es f\u00e1cil nuestra posici\u00f3n como trabajadores, tampoco lo es para nuestro empleador\u201d, analiz\u00f3, y complet\u00f3, \u201cmientras hay intendentes que son insensibles a la realidad de los trabajadores, dan aumentos en negro, contratan monotributistas, nosotros ya logramos pasar a planta permanente 1500 compa\u00f1eros\u201d.<\/p>\n<p><strong>MIRADA DEL PERONISMO<\/strong><\/p>\n<p>En otro orden de cosas, Pirillo ofreci\u00f3 su lectura de la configuraci\u00f3n electoral, con especial \u00e9nfasis en analizar las diferentes versiones del peronismo puestas en juego.<\/p>\n<p><strong>\u00bfPor qu\u00e9 varias alianzas tienen f\u00f3rmulas signadas por candidatos peronistas?<\/strong><\/p>\n<p>El Gobierno entendi\u00f3 que la radicalizaci\u00f3n de su sector antiperonista lo alejaba de las masas populares. Entendi\u00f3 que el peronismo tiene acci\u00f3n, tiene fuerza. Recordemos que Macri no hubiese sido presidente sin el voto de los trabajadores, docentes, pobres. Por eso, el esquema de Pichetto, y no es infantil pensar que Schiaretti y Duhalde no est\u00e1n detr\u00e1s. Por otro lado, la f\u00f3rmula de los Fern\u00e1ndez fue un gran golpe de efecto, pero por su anticipaci\u00f3n dej\u00f3 tiempo al rival para reestructurarse. Y creo que la f\u00f3rmula de Vidal no ser\u00e1 con Salvador, sino con un peronista.<\/p>\n<p><strong>\u00bfSe cruza de vereda otro peronista?<\/strong><\/p>\n<p>El problema es que Vidal ha tenido relaci\u00f3n con los intendentes, les baj\u00f3 recursos. Mientras que Kicillof, con Magario, no tuvo reuni\u00f3n con los intendentes. \u00a0Entonces, el mensaje que da es seguir con el verticalismo de los a\u00f1os anteriores. Y encima La C\u00e1mpora piensa poner la mitad de las listas, con la excusa que Cristina es la que mide. Por eso muchos intendentes le contestan que ellos tienen peso territorial.<\/p>\n<p><strong>\u00bfAlberto Fern\u00e1ndez a la cabeza puede garantizar una victoria en primera vuelta al Frente de Todos?<\/strong><\/p>\n<p>Hay un escenario complicado para su sector. A Alberto lo han denunciado como operador de Clar\u00edn y de la embajada americana. Ponerlo como el \u201cl\u00edder de la resistencia\u201d es loco. Cristina, por su lado, sabe que debe construir y que Alberto es duro, no es manipulable, y tendr\u00eda la chequera para alinear gobernadores. Cristina querr\u00eda equiparar ese poder por medio del Congreso, las c\u00e1maras, y la principal provincia del pa\u00eds con Kicillof. Su proyecto a largo plazo es M\u00e1ximo 2023.<\/p>\n<p><strong>\u00bfMassa suma o resta?<\/strong><\/p>\n<p>Est\u00e1 desdibujado y est\u00e1 en un juego muy personal. Es la cara m\u00e1s visible de c\u00f3mo es la pol\u00edtica hoy. De seguir as\u00ed, va a ser candidato a intendente de Tigre.<\/p>\n<p><strong>\u00bfLavagna y Urtubey son una versi\u00f3n blanda del macrismo?<\/strong><\/p>\n<p>Entiendo a Lavagna. \u00c9l administr\u00f3 el pa\u00eds en un momento de gran crisis. Y ahora se hace valer y entiende que no s\u00f3lo con votos el pa\u00eds sale adelante. Es un espacio de un 8 a 12 % que complica al macrismo.<\/p>\n<p><strong>\u00bfCu\u00e1l es su mirada del rol de las mujeres en esta etapa pol\u00edtica?<\/strong><\/p>\n<p>Pensemos el poder que tienen las mujeres, son animales pol\u00edticos. Lo que dicen y hacen Vidal, CFK, Carri\u00f3 o Stolbizer tiene gran impacto. Y el feminismo demostr\u00f3 una capacidad de organizaci\u00f3n y movilizaci\u00f3n que hoy supera a la de cualquier partido o sindicato. En el mejor de los casos, los gremialistas juntamos 200 mil personas; pero ellas a casi un mill\u00f3n, abajo de la lluvia y el fr\u00edo como la noche que esperaban la resoluci\u00f3n del Congreso sobre el aborto.<\/p>\n","protected":false},"excerpt":{"rendered":"<p>Victorio Pirillo, secretario general del Sindicato de Trabajadores Municipales de Vicente L\u00f3pez, manifest\u00f3 su satisfacci\u00f3n con la suba de 35% al b\u00e1sico para los pr\u00f3ximos meses. El acuerdo fue alcanzado en el marco de la paritaria realizada por su sindicato y ATE frente al gobierno de Jorge Macri. Las organizaciones pudieron adelantar la mesa dos [&hellip;]<\/p>\n","protected":false},"author":1,"featured_media":2325,"comment_status":"closed","ping_status":"open","sticky":false,"template":"","format":"standard","meta":{"footnotes":""},"categories":[49,20,48,25],"tags":[],"class_list":{"0":"post-13082","1":"post","2":"type-post","3":"status-publish","4":"format-standard","5":"has-post-thumbnail","7":"category-economia-y-gremiales","8":"category-municipios","9":"category-politica-argentina","10":"category-vicente-lopez"},"aioseo_notices":[],"_links":{"self":[{"href":"https:\/\/guiadenoticias.com.ar\/diario\/wp-json\/wp\/v2\/posts\/13082","targetHints":{"allow":["GET"]}}],"collection":[{"href":"https:\/\/guiadenoticias.com.ar\/diario\/wp-json\/wp\/v2\/posts"}],"about":[{"href":"https:\/\/guiadenoticias.com.ar\/diario\/wp-json\/wp\/v2\/types\/post"}],"author":[{"embeddable":true,"href":"https:\/\/guiadenoticias.com.ar\/diario\/wp-json\/wp\/v2\/users\/1"}],"replies":[{"embeddable":true,"href":"https:\/\/guiadenoticias.com.ar\/diario\/wp-json\/wp\/v2\/comments?post=13082"}],"version-history":[{"count":1,"href":"https:\/\/guiadenoticias.com.ar\/diario\/wp-json\/wp\/v2\/posts\/13082\/revisions"}],"predecessor-version":[{"id":13083,"href":"https:\/\/guiadenoticias.com.ar\/diario\/wp-json\/wp\/v2\/posts\/13082\/revisions\/13083"}],"wp:featuredmedia":[{"embeddable":true,"href":"https:\/\/guiadenoticias.com.ar\/diario\/wp-json\/wp\/v2\/media\/2325"}],"wp:attachment":[{"href":"https:\/\/guiadenoticias.com.ar\/diario\/wp-json\/wp\/v2\/media?parent=13082"}],"wp:term":[{"taxonomy":"category","embeddable":true,"href":"https:\/\/guiadenoticias.com.ar\/diario\/wp-json\/wp\/v2\/categories?post=13082"},{"taxonomy":"post_tag","embeddable":true,"href":"https:\/\/guiadenoticias.com.ar\/diario\/wp-json\/wp\/v2\/tags?post=13082"}],"curies":[{"name":"wp","href":"https:\/\/api.w.org\/{rel}","templated":true}]}}