{"id":13114,"date":"2019-06-22T17:46:08","date_gmt":"2019-06-22T20:46:08","guid":{"rendered":"https:\/\/guiadenoticias.com.ar\/diario\/?p=13114"},"modified":"2019-06-22T17:49:01","modified_gmt":"2019-06-22T20:49:01","slug":"posse-presentamos-una-lista-de-consenso","status":"publish","type":"post","link":"https:\/\/guiadenoticias.com.ar\/diario\/posse-presentamos-una-lista-de-consenso\/","title":{"rendered":"Posse: \u201cPresentamos una lista de consenso\u201d"},"content":{"rendered":"<p>Con referentes del possismo, la UCR, el PRO y el justicialismo, cerr\u00f3 la lista de precandidatos para concejales y consejeros escolares de Juntos por el Cambio para las pr\u00f3ximas PASO. Gustavo Posse busca un nuevo mandato, que seg\u00fan la ley vigente, tendr\u00eda que ser el \u00faltimo.<\/p>\n<p>El jefe comunal celebr\u00f3 la \u00ablista de unidad\u00bb y haber llegado a un consenso en medio de \u201cun excelente di\u00e1logo\u00bb. Indic\u00f3, \u00abquer\u00edamos reflejar la diversidad que siempre caracteriz\u00f3 a nuestra fuerza y que representa las diversas preferencias de los vecinos, en el horizonte pol\u00edtico com\u00fan de Juntos por el Cambio\u00bb.<\/p>\n<p><strong>La n\u00f3mina de precandidatos a concejales est\u00e1 encabezada por:<\/strong><\/p>\n<p>Elvira Ares<\/p>\n<p>Alberto Tr\u00edpoli<\/p>\n<p>Rosal\u00eda Fucello<\/p>\n<p>Jorge Flores<\/p>\n<p>Mar\u00eda Eugenia Arena<\/p>\n<p>Hern\u00e1n Marotta<\/p>\n<p><strong>Lista de precandidatos a consejeros escolares titulares:<\/strong><\/p>\n<p>Rodrigo Segu\u00edn<\/p>\n<p>Miriam Nocciolino<\/p>\n<p>Gustavo Orduna<\/p>\n<p>Mar\u00eda Florencia Gramaj<\/p>\n","protected":false},"excerpt":{"rendered":"<p>Con referentes del possismo, la UCR, el PRO y el justicialismo, cerr\u00f3 la lista de precandidatos para concejales y consejeros escolares de Juntos por el Cambio para las pr\u00f3ximas PASO. Gustavo Posse busca un nuevo mandato, que seg\u00fan la ley vigente, tendr\u00eda que ser el \u00faltimo. El jefe comunal celebr\u00f3 la \u00ablista de unidad\u00bb y [&hellip;]<\/p>\n","protected":false},"author":1,"featured_media":13115,"comment_status":"closed","ping_status":"open","sticky":false,"template":"","format":"standard","meta":{"footnotes":""},"categories":[20,48,21],"tags":[],"class_list":{"0":"post-13114","1":"post","2":"type-post","3":"status-publish","4":"format-standard","5":"has-post-thumbnail","7":"category-municipios","8":"category-politica-argentina","9":"category-san-isidro"},"aioseo_notices":[],"_links":{"self":[{"href":"https:\/\/guiadenoticias.com.ar\/diario\/wp-json\/wp\/v2\/posts\/13114","targetHints":{"allow":["GET"]}}],"collection":[{"href":"https:\/\/guiadenoticias.com.ar\/diario\/wp-json\/wp\/v2\/posts"}],"about":[{"href":"https:\/\/guiadenoticias.com.ar\/diario\/wp-json\/wp\/v2\/types\/post"}],"author":[{"embeddable":true,"href":"https:\/\/guiadenoticias.com.ar\/diario\/wp-json\/wp\/v2\/users\/1"}],"replies":[{"embeddable":true,"href":"https:\/\/guiadenoticias.com.ar\/diario\/wp-json\/wp\/v2\/comments?post=13114"}],"version-history":[{"count":2,"href":"https:\/\/guiadenoticias.com.ar\/diario\/wp-json\/wp\/v2\/posts\/13114\/revisions"}],"predecessor-version":[{"id":13117,"href":"https:\/\/guiadenoticias.com.ar\/diario\/wp-json\/wp\/v2\/posts\/13114\/revisions\/13117"}],"wp:featuredmedia":[{"embeddable":true,"href":"https:\/\/guiadenoticias.com.ar\/diario\/wp-json\/wp\/v2\/media\/13115"}],"wp:attachment":[{"href":"https:\/\/guiadenoticias.com.ar\/diario\/wp-json\/wp\/v2\/media?parent=13114"}],"wp:term":[{"taxonomy":"category","embeddable":true,"href":"https:\/\/guiadenoticias.com.ar\/diario\/wp-json\/wp\/v2\/categories?post=13114"},{"taxonomy":"post_tag","embeddable":true,"href":"https:\/\/guiadenoticias.com.ar\/diario\/wp-json\/wp\/v2\/tags?post=13114"}],"curies":[{"name":"wp","href":"https:\/\/api.w.org\/{rel}","templated":true}]}}