{"id":13133,"date":"2019-06-22T22:22:23","date_gmt":"2019-06-23T01:22:23","guid":{"rendered":"https:\/\/guiadenoticias.com.ar\/diario\/?p=13133"},"modified":"2019-06-22T22:22:23","modified_gmt":"2019-06-23T01:22:23","slug":"gelay-y-mino-disputarian-las-paso-en-el-frente-todos","status":"publish","type":"post","link":"https:\/\/guiadenoticias.com.ar\/diario\/gelay-y-mino-disputarian-las-paso-en-el-frente-todos\/","title":{"rendered":"Gelay y Mi\u00f1o disputar\u00edan las PASO en el Frente Todos"},"content":{"rendered":"<p>El peronismo de San Isidro vuelve a mostrar sus diferencias internas y, como hace dos a\u00f1os, no present\u00f3 lista de unidad. Por un lado, la senadora provincial Teresa Garc\u00eda ungi\u00f3 al empresario y ex concejal Federico Gelay como precandidato a intendente. \u201cEs el mundo del trabajo en el centro de la pol\u00edtica\u201d, dijeron desde su bunker a Gu\u00eda de Noticias.<\/p>\n<p>En este sentido, su sector contuvo a la CGT regional. La central es representada por la secretaria general de SADOP, Milena Lamoneda, primera precandidata para el Deliberante. Gast\u00f3n Fern\u00e1ndez, actual edil suplente y dirigente del Frente Social, firm\u00f3 en segundo lugar. Y en el tercero, la referente de Descamisados Laura Van Lake, concejal mandato cumplido.<\/p>\n<p>Por otro lado, la edil y referente de CTEP, Fernanda Mi\u00f1o, rompi\u00f3 con Teresa Garc\u00eda y es la cara de la lista que lleva el sello de La C\u00e1mpora, en acuerdo con el massista Sebasti\u00e1n Galmarini y Santiago Cafiero, del Grupo Callao.<\/p>\n<p>Mar\u00eda Soledad Durand, en representaci\u00f3n del Frente Renovador obtuvo el primer lugar de la n\u00f3mina que disputa bancas del HCD. El concejal Fabi\u00e1n Brest, presidente del PJ local y hombre de Santiago Cafiero, el segundo. La tercera ubicaci\u00f3n qued\u00f3 en manos de La C\u00e1mpora, para Manuela Schuppisser, quien trabaja junto a Marcos Cianni. En el cuarto, Juan Ottavis Arias, dirigente del peronismo que ir\u00e1 por la reelecci\u00f3n.<\/p>\n","protected":false},"excerpt":{"rendered":"<p>El peronismo de San Isidro vuelve a mostrar sus diferencias internas y, como hace dos a\u00f1os, no present\u00f3 lista de unidad. Por un lado, la senadora provincial Teresa Garc\u00eda ungi\u00f3 al empresario y ex concejal Federico Gelay como precandidato a intendente. \u201cEs el mundo del trabajo en el centro de la pol\u00edtica\u201d, dijeron desde su [&hellip;]<\/p>\n","protected":false},"author":1,"featured_media":13134,"comment_status":"closed","ping_status":"open","sticky":false,"template":"","format":"standard","meta":{"footnotes":""},"categories":[20,48,21],"tags":[],"class_list":{"0":"post-13133","1":"post","2":"type-post","3":"status-publish","4":"format-standard","5":"has-post-thumbnail","7":"category-municipios","8":"category-politica-argentina","9":"category-san-isidro"},"aioseo_notices":[],"_links":{"self":[{"href":"https:\/\/guiadenoticias.com.ar\/diario\/wp-json\/wp\/v2\/posts\/13133","targetHints":{"allow":["GET"]}}],"collection":[{"href":"https:\/\/guiadenoticias.com.ar\/diario\/wp-json\/wp\/v2\/posts"}],"about":[{"href":"https:\/\/guiadenoticias.com.ar\/diario\/wp-json\/wp\/v2\/types\/post"}],"author":[{"embeddable":true,"href":"https:\/\/guiadenoticias.com.ar\/diario\/wp-json\/wp\/v2\/users\/1"}],"replies":[{"embeddable":true,"href":"https:\/\/guiadenoticias.com.ar\/diario\/wp-json\/wp\/v2\/comments?post=13133"}],"version-history":[{"count":1,"href":"https:\/\/guiadenoticias.com.ar\/diario\/wp-json\/wp\/v2\/posts\/13133\/revisions"}],"predecessor-version":[{"id":13135,"href":"https:\/\/guiadenoticias.com.ar\/diario\/wp-json\/wp\/v2\/posts\/13133\/revisions\/13135"}],"wp:featuredmedia":[{"embeddable":true,"href":"https:\/\/guiadenoticias.com.ar\/diario\/wp-json\/wp\/v2\/media\/13134"}],"wp:attachment":[{"href":"https:\/\/guiadenoticias.com.ar\/diario\/wp-json\/wp\/v2\/media?parent=13133"}],"wp:term":[{"taxonomy":"category","embeddable":true,"href":"https:\/\/guiadenoticias.com.ar\/diario\/wp-json\/wp\/v2\/categories?post=13133"},{"taxonomy":"post_tag","embeddable":true,"href":"https:\/\/guiadenoticias.com.ar\/diario\/wp-json\/wp\/v2\/tags?post=13133"}],"curies":[{"name":"wp","href":"https:\/\/api.w.org\/{rel}","templated":true}]}}