{"id":13142,"date":"2019-06-23T17:55:49","date_gmt":"2019-06-23T20:55:49","guid":{"rendered":"https:\/\/guiadenoticias.com.ar\/diario\/?p=13142"},"modified":"2019-06-23T17:55:49","modified_gmt":"2019-06-23T20:55:49","slug":"hilding-ohlsson-candidato-a-intendente-de-unidad-de-convocacion-civica","status":"publish","type":"post","link":"https:\/\/guiadenoticias.com.ar\/diario\/hilding-ohlsson-candidato-a-intendente-de-unidad-de-convocacion-civica\/","title":{"rendered":"Hilding-Ohlsson, candidato a intendente de unidad de Convocaci\u00f3n C\u00edvica"},"content":{"rendered":"<p>Finalmente, el frente vecinal Convocaci\u00f3n C\u00edvica Cambia San Isidro conform\u00f3 lista de unidad tras un trabajoso acuerdo, rubricado sobre el filo de la medianoche. ConVocaci\u00f3n (vecinalismo), el sector de Carlos Castellano y el funcionario nacional Ram\u00f3n Lan\u00fas probaron nombres hasta altas horas.<\/p>\n<p>El economista y l\u00edder de ConVocaci\u00f3n Marcos Hilding Ohlsson ser\u00e1 el postulante a la Intendencia. Joven pero a su vez experimentando, renunci\u00f3 a su trabajo en el Senado nacional para dedicarse de lleno a disputar el poder a Posse. \u201cEs mucho y muy grande lo que nos une\u201d, celebr\u00f3 luego de confirmar la n\u00f3mina.<\/p>\n<p>La lista de concejales est\u00e1 encabezada por Mar\u00eda Feldtmann, tambi\u00e9n de ConVocaci\u00f3n. En segundo lugar, Gabriel Estoroni, del sector de Castellano, y Pablo Gianferro, que va cuarto es otro representante del sector de Hilding-Ohlsson.<\/p>\n<p>Llamativo es el gesto del concejal y ex presidente del HCD, Carlos Castellano: baj\u00f3 sus pretensiones de pelear posiciones relevantes para encabezar la lista para el Consejo Escolar. As\u00ed destrab\u00f3 las discusiones por los lugares expectantes de la lista del Deliberante. \u201cMarcos es el representante de la renovaci\u00f3n que necesitamos\u201d, declar\u00f3 tras firmar el dirigente de origen radical.<\/p>\n<p>Lan\u00fas, presidente de la Agencia Administraci\u00f3n de Bienes del Estado, insisti\u00f3 hasta el \u00faltimo d\u00eda con una PASO contra Posse. Ahora ser\u00e1 fundamental para la coalici\u00f3n por su llegada a altas esferas del macrismo. \u201cEstamos contentos por ser parte del esfuerzo para cambiar San Isidro\u201d, apunt\u00f3.<\/p>\n<p>El funcionario coloc\u00f3 en el tercer pelda\u00f1o a Mar\u00eda Rosasco Odriozola. En ese punto, la construcci\u00f3n de la alianza trajo quiebres al interior de ConVocaci\u00f3n por San Isidro y se baj\u00f3 Sof\u00eda Matozzi, que \u00a0era la precandidata n\u00famero uno del partido vecinal, por medio de una votaci\u00f3n interna efectuada hace meses. Determin\u00f3 renunciar a su puesto y a sus responsabilidades en esa fuerza partidaria, a la vez que lanz\u00f3 cuestionamientos a las maneras que se tejieron los acuerdos con Lan\u00fas.<\/p>\n<p><strong>LISTA COMPLETA<\/strong><\/p>\n<p>Precandidato a intendente: Marcos Hilding Ohlsson<\/p>\n<p><strong>Precandidatos a concejal titular:<\/strong><\/p>\n<p>Mar\u00eda Feldtmann de Maurette<\/p>\n<p>Gabriel Estoroni<\/p>\n<p>Mar\u00eda Fabiana Rosasco Odriozola<\/p>\n<p>Pablo Gianferro<\/p>\n<p>Ana Pereyra Iraola<\/p>\n<p>Diego Mosquera<\/p>\n<p>Gladys Gasulla<\/p>\n<p>Joaqu\u00edn Cruzalegui<\/p>\n<p>Hilda Massey<\/p>\n<p>Miguel Del Castillo<\/p>\n<p>Adriana Fossati<\/p>\n<p>Gabriel Miguel Garabia<\/p>\n<p><strong>Precandidatos a consejero escolar titular:<\/strong><\/p>\n<p>Carlos Castellano<\/p>\n<p>Andrea Perpignan<\/p>\n<p>Uriel Guti\u00e9rrez<\/p>\n<p>Mar\u00eda del Rosario Orozco<\/p>\n","protected":false},"excerpt":{"rendered":"<p>Finalmente, el frente vecinal Convocaci\u00f3n C\u00edvica Cambia San Isidro conform\u00f3 lista de unidad tras un trabajoso acuerdo, rubricado sobre el filo de la medianoche. ConVocaci\u00f3n (vecinalismo), el sector de Carlos Castellano y el funcionario nacional Ram\u00f3n Lan\u00fas probaron nombres hasta altas horas. El economista y l\u00edder de ConVocaci\u00f3n Marcos Hilding Ohlsson ser\u00e1 el postulante a [&hellip;]<\/p>\n","protected":false},"author":1,"featured_media":13143,"comment_status":"closed","ping_status":"open","sticky":false,"template":"","format":"standard","meta":{"footnotes":""},"categories":[20,48,21],"tags":[],"class_list":{"0":"post-13142","1":"post","2":"type-post","3":"status-publish","4":"format-standard","5":"has-post-thumbnail","7":"category-municipios","8":"category-politica-argentina","9":"category-san-isidro"},"aioseo_notices":[],"_links":{"self":[{"href":"https:\/\/guiadenoticias.com.ar\/diario\/wp-json\/wp\/v2\/posts\/13142","targetHints":{"allow":["GET"]}}],"collection":[{"href":"https:\/\/guiadenoticias.com.ar\/diario\/wp-json\/wp\/v2\/posts"}],"about":[{"href":"https:\/\/guiadenoticias.com.ar\/diario\/wp-json\/wp\/v2\/types\/post"}],"author":[{"embeddable":true,"href":"https:\/\/guiadenoticias.com.ar\/diario\/wp-json\/wp\/v2\/users\/1"}],"replies":[{"embeddable":true,"href":"https:\/\/guiadenoticias.com.ar\/diario\/wp-json\/wp\/v2\/comments?post=13142"}],"version-history":[{"count":1,"href":"https:\/\/guiadenoticias.com.ar\/diario\/wp-json\/wp\/v2\/posts\/13142\/revisions"}],"predecessor-version":[{"id":13144,"href":"https:\/\/guiadenoticias.com.ar\/diario\/wp-json\/wp\/v2\/posts\/13142\/revisions\/13144"}],"wp:featuredmedia":[{"embeddable":true,"href":"https:\/\/guiadenoticias.com.ar\/diario\/wp-json\/wp\/v2\/media\/13143"}],"wp:attachment":[{"href":"https:\/\/guiadenoticias.com.ar\/diario\/wp-json\/wp\/v2\/media?parent=13142"}],"wp:term":[{"taxonomy":"category","embeddable":true,"href":"https:\/\/guiadenoticias.com.ar\/diario\/wp-json\/wp\/v2\/categories?post=13142"},{"taxonomy":"post_tag","embeddable":true,"href":"https:\/\/guiadenoticias.com.ar\/diario\/wp-json\/wp\/v2\/tags?post=13142"}],"curies":[{"name":"wp","href":"https:\/\/api.w.org\/{rel}","templated":true}]}}