{"id":13161,"date":"2019-06-26T01:04:02","date_gmt":"2019-06-26T04:04:02","guid":{"rendered":"https:\/\/guiadenoticias.com.ar\/diario\/?p=13161"},"modified":"2019-06-26T01:04:02","modified_gmt":"2019-06-26T04:04:02","slug":"ariel-collia-seremos-un-gremio-fuerte-y-solidario","status":"publish","type":"post","link":"https:\/\/guiadenoticias.com.ar\/diario\/ariel-collia-seremos-un-gremio-fuerte-y-solidario\/","title":{"rendered":"Ariel Collia: \u201cSeremos un gremio fuerte y solidario\u201d"},"content":{"rendered":"<p>Desde antes de la recuperaci\u00f3n de la democracia, Oscar Ruggiero est\u00e1 al frente del Sindicato de Trabajadores Municipales de Tres de Febrero. Pero, el 15 de agosto dejar\u00e1 su cargo, ya que\u00a0 fue desbancado por un frente sindical encabezado por Ariel Collia, mediante unas elecciones con resultados in\u00e9ditos.<\/p>\n<p>\u201cA pesar de dedicarse m\u00e1s a la Federaci\u00f3n (de Sindicatos Municipales de Provincia), Oscar manifest\u00f3 que s\u00f3lo \u00e9l pod\u00eda hablar con el Ejecutivo local. Entonces me pregunt\u00e9 qu\u00e9 clase de organizaci\u00f3n somos si una sola persona puede hablar con el gobierno, nunca tendr\u00eda el tiempo para resolver todos los problemas que le traigan. Eso produjo una ruptura interna en el gremio\u201d, explic\u00f3 Collia a Gu\u00eda de Noticias. El proceso de quiebre abri\u00f3 espacio para que trabajadores de filiaci\u00f3n radical, peronista y hasta comunista conformen una l\u00ednea interna, disputaran poder y ganasen las elecciones el pasado 31 de mayo.<\/p>\n<p>\u201cExiste acefal\u00eda en el gremio, la gente estaba desprotegida\u201d, a\u00f1adi\u00f3. \u201cHay mucha disconformidad, ya que una sola persona no pod\u00eda con todas las responsabilidades y problem\u00e1ticas de un municipio\u201d, expres\u00f3 el dirigente, de origen radical.<\/p>\n<p>A pesar de su identificaci\u00f3n con los boinas blancas, considera que la vida interna del gremio debe separarse de lo partidario. \u201cSomos todos trabajadores. No importa la pertenencia pol\u00edtica o la religi\u00f3n. No afecta al\u00a0 sindicato, que est\u00e1 en la defensa de los trabajadores\u201d.<\/p>\n<p><strong>\u00bfImagina que \u00a0encontrar\u00e1 en el sindicato una caja de pandora?<\/strong><\/p>\n<p>Eso lo podremos decir cuando los profesionales nos den los resultados de una auditor\u00eda. Informaremos en su debido momento c\u00f3mo recibimos el gremio. Y cuando me tenga que ir lo dejaremos mejor de lo que lo encontramos.<\/p>\n<p><strong>\u00bfC\u00f3mo est\u00e1n parados los trabajadores frente a la gesti\u00f3n municipal?<\/strong><\/p>\n<p>Estaban en una desventaja desde el momento de la acefal\u00eda. Pero nosotros queremos un gremio fuerte, solidario, dedicado a la defensa del trabajador, como debe ser. No tenemos la culpa de que la gesti\u00f3n anterior haya fallado estos objetivos.<\/p>\n<p><strong>\u00bfQu\u00e9 tanto tienen que mejorar las condiciones de trabajo en el municipio?<\/strong><\/p>\n<p>Tuvimos una primera reuni\u00f3n con el intendente (Diego Valenzuela). Nos presentamos y no hablamos de dinero, sino que planteamos la necesidad del trabajador de recuperar la dignidad, llegar a fin de mes con su familia. Que sus hijos puedan ir a la escuela y tomen su leche cada d\u00eda. Apelamos a su buena voluntad y creo que nos va a entender. Como todav\u00eda no asumimos, no tenemos nada oficial, seguiremos conversando y habr\u00e1 entendimientos y discusiones.<\/p>\n<p><strong>\u00bfCu\u00e1les ser\u00e1n sus objetivos en la conducci\u00f3n sindical?<\/strong><\/p>\n<p>Para todo lo que sea progreso del trabajador estaremos al pie del ca\u00f1\u00f3n. En cuanto a sueldos pondremos nuestra mejor voluntad, o presentaremos proyectos, para que el trabajador llegue a fin de mes. Tenemos variedad de oficios y profesiones. Podemos obviar a algunas empresas y realizar nosotros los trabajos\u00a0 municipales, como suced\u00eda antes. Ahora el Ejecutivo trajo camiones, herramientas y m\u00e1quinas para realizar tareas. Si sacamos empresas de ciertas tareas habr\u00eda un remanente de dinero para aumentos de salarios.<\/p>\n<p><strong>\u00bfC\u00f3mo est\u00e1 la carrera administrativa municipal?<\/strong><\/p>\n<p>Tenemos que relanzarla porque se est\u00e1 perdiendo. La administraci\u00f3n anterior baj\u00f3 de 2300 afiliados a 1500. Entendemos que hay muchos contratados ahora, y veremos qu\u00e9 porcentaje pasamos a planta. Tambi\u00e9n muchos compa\u00f1eros est\u00e1n en condici\u00f3n de monotributistas y hay que rever otras cosas.<\/p>\n<p><strong>Empieza la campa\u00f1a electoral, \u00bfpuede influir en la pol\u00edtica laboral del municipio?<\/strong><\/p>\n<p>El trabajador municipal es vecino de Tres de Febrero. Si est\u00e1 contento, estar\u00e1 contento con el intendente. Ser\u00e1 decisi\u00f3n del vecino.<\/p>\n","protected":false},"excerpt":{"rendered":"<p>Desde antes de la recuperaci\u00f3n de la democracia, Oscar Ruggiero est\u00e1 al frente del Sindicato de Trabajadores Municipales de Tres de Febrero. Pero, el 15 de agosto dejar\u00e1 su cargo, ya que\u00a0 fue desbancado por un frente sindical encabezado por Ariel Collia, mediante unas elecciones con resultados in\u00e9ditos. \u201cA pesar de dedicarse m\u00e1s a la [&hellip;]<\/p>\n","protected":false},"author":1,"featured_media":13162,"comment_status":"closed","ping_status":"open","sticky":false,"template":"","format":"standard","meta":{"footnotes":""},"categories":[49,20,48,26],"tags":[],"class_list":{"0":"post-13161","1":"post","2":"type-post","3":"status-publish","4":"format-standard","5":"has-post-thumbnail","7":"category-economia-y-gremiales","8":"category-municipios","9":"category-politica-argentina","10":"category-tres-de-febrero"},"aioseo_notices":[],"_links":{"self":[{"href":"https:\/\/guiadenoticias.com.ar\/diario\/wp-json\/wp\/v2\/posts\/13161","targetHints":{"allow":["GET"]}}],"collection":[{"href":"https:\/\/guiadenoticias.com.ar\/diario\/wp-json\/wp\/v2\/posts"}],"about":[{"href":"https:\/\/guiadenoticias.com.ar\/diario\/wp-json\/wp\/v2\/types\/post"}],"author":[{"embeddable":true,"href":"https:\/\/guiadenoticias.com.ar\/diario\/wp-json\/wp\/v2\/users\/1"}],"replies":[{"embeddable":true,"href":"https:\/\/guiadenoticias.com.ar\/diario\/wp-json\/wp\/v2\/comments?post=13161"}],"version-history":[{"count":1,"href":"https:\/\/guiadenoticias.com.ar\/diario\/wp-json\/wp\/v2\/posts\/13161\/revisions"}],"predecessor-version":[{"id":13163,"href":"https:\/\/guiadenoticias.com.ar\/diario\/wp-json\/wp\/v2\/posts\/13161\/revisions\/13163"}],"wp:featuredmedia":[{"embeddable":true,"href":"https:\/\/guiadenoticias.com.ar\/diario\/wp-json\/wp\/v2\/media\/13162"}],"wp:attachment":[{"href":"https:\/\/guiadenoticias.com.ar\/diario\/wp-json\/wp\/v2\/media?parent=13161"}],"wp:term":[{"taxonomy":"category","embeddable":true,"href":"https:\/\/guiadenoticias.com.ar\/diario\/wp-json\/wp\/v2\/categories?post=13161"},{"taxonomy":"post_tag","embeddable":true,"href":"https:\/\/guiadenoticias.com.ar\/diario\/wp-json\/wp\/v2\/tags?post=13161"}],"curies":[{"name":"wp","href":"https:\/\/api.w.org\/{rel}","templated":true}]}}