{"id":13175,"date":"2019-06-28T00:58:54","date_gmt":"2019-06-28T03:58:54","guid":{"rendered":"https:\/\/guiadenoticias.com.ar\/diario\/?p=13175"},"modified":"2019-06-28T00:58:54","modified_gmt":"2019-06-28T03:58:54","slug":"ate-san-martin-logro-capacitaciones-para-los-auxiliares","status":"publish","type":"post","link":"https:\/\/guiadenoticias.com.ar\/diario\/ate-san-martin-logro-capacitaciones-para-los-auxiliares\/","title":{"rendered":"ATE San Mart\u00edn logr\u00f3 capacitaciones para los auxiliares"},"content":{"rendered":"<p>La Asociaci\u00f3n de Trabajadores del Estado seccional San Mart\u00edn moviliz\u00f3 al Consejo Escolar del distrito con una agenda de demandas. El gremio volvi\u00f3 a reclamar que los establecimientos educativos sean declarados en emergencia edilicia y los comedores en emergencia alimentaria.<\/p>\n<p>A partir de la marcha, los representantes sindicales acordaron con las autoridades del organismo capacitaciones para los auxiliares. Los trabajadores no docentes podr\u00edan de esta manera prepararse en reanimaci\u00f3n cardio pulmonar y en manejo de incendios para actuar en casos cr\u00edticos dentro de los colegios.<\/p>\n<p>Pablo Garc\u00eda, secretario General, declar\u00f3 a Gu\u00eda de Noticias: \u201cNos ofrecimos para llegar a donde el Estado no alcanza. Queremos trabajar en conjunto por soluciones para la sociedad, no s\u00f3lo los trabajadores sino las familias de los chicos. El logro es que ATE propuso dar los cursos de formaci\u00f3n y capacitaci\u00f3n a todos los auxiliares, afiliados o no. Y ser\u00e1n con puntaje, lo cual a los compa\u00f1eros les permitir\u00e1 subir de categor\u00eda\u201d.<\/p>\n<p>Diana Ferriolli, secretaria de Acci\u00f3n Social, destac\u00f3 que las capacitaciones estar\u00e1n a cargo del gremio. Y \u201csin descuento del d\u00eda de trabajo\u201d, ya que \u201chasta ahora por participar en cursos los trabajadores sufr\u00edan quitas. Hasta una compa\u00f1era qued\u00f3 cesante\u201d.<\/p>\n<p>Sin embargo, ATE puso sobre el tapete el estado de la infraestructura escolar. El dirigente Juan Vale advirti\u00f3: \u201cLos techos de las escuelas se caen y en este invierno no tienen gas\u201d. Tambi\u00e9n denunci\u00f3 que\u00a0 \u201cha crecido mucho el cupo de comedor y Provincia y el Consejo Escolar no proveen suficiente comida. Vemos a los chicos quedarse con hambre, ya que tienen una comida al d\u00eda\u201d.<\/p>\n<p>\u201cProvincia determin\u00f3 24 pesos por cabeza y nuestros auxiliares hacen malabares para inventar comidas con gusto\u201d, a\u00f1adi\u00f3 Pablo Garc\u00eda. Los comedores tienen gran afluencia ya que \u201cel poder adquisitivo de los trabajadores cay\u00f3 mucho y sus hijos comen en el colegio\u201d.<\/p>\n<p>\u201cComo organizaci\u00f3n gremial no podemos estar ajenos a la pol\u00edtica, queremos que no haya m\u00e1s medidas de ajuste. ATE forma parte del Frente de Todos y vamos a contribuir para que Macri y Vidal se vayan, a trav\u00e9s de los votos\u201d, cerr\u00f3 el sindicalista, Garc\u00eda buscar\u00e1 su reelecci\u00f3n en la conducci\u00f3n de la seccional San Mart\u00edn en la lista con Oscar de Isasi, el conductor provincial.<\/p>\n","protected":false},"excerpt":{"rendered":"<p>La Asociaci\u00f3n de Trabajadores del Estado seccional San Mart\u00edn moviliz\u00f3 al Consejo Escolar del distrito con una agenda de demandas. El gremio volvi\u00f3 a reclamar que los establecimientos educativos sean declarados en emergencia edilicia y los comedores en emergencia alimentaria. A partir de la marcha, los representantes sindicales acordaron con las autoridades del organismo capacitaciones [&hellip;]<\/p>\n","protected":false},"author":1,"featured_media":13176,"comment_status":"closed","ping_status":"open","sticky":false,"template":"","format":"standard","meta":{"footnotes":""},"categories":[49,20,48,24],"tags":[],"class_list":{"0":"post-13175","1":"post","2":"type-post","3":"status-publish","4":"format-standard","5":"has-post-thumbnail","7":"category-economia-y-gremiales","8":"category-municipios","9":"category-politica-argentina","10":"category-san-martin"},"aioseo_notices":[],"_links":{"self":[{"href":"https:\/\/guiadenoticias.com.ar\/diario\/wp-json\/wp\/v2\/posts\/13175","targetHints":{"allow":["GET"]}}],"collection":[{"href":"https:\/\/guiadenoticias.com.ar\/diario\/wp-json\/wp\/v2\/posts"}],"about":[{"href":"https:\/\/guiadenoticias.com.ar\/diario\/wp-json\/wp\/v2\/types\/post"}],"author":[{"embeddable":true,"href":"https:\/\/guiadenoticias.com.ar\/diario\/wp-json\/wp\/v2\/users\/1"}],"replies":[{"embeddable":true,"href":"https:\/\/guiadenoticias.com.ar\/diario\/wp-json\/wp\/v2\/comments?post=13175"}],"version-history":[{"count":1,"href":"https:\/\/guiadenoticias.com.ar\/diario\/wp-json\/wp\/v2\/posts\/13175\/revisions"}],"predecessor-version":[{"id":13177,"href":"https:\/\/guiadenoticias.com.ar\/diario\/wp-json\/wp\/v2\/posts\/13175\/revisions\/13177"}],"wp:featuredmedia":[{"embeddable":true,"href":"https:\/\/guiadenoticias.com.ar\/diario\/wp-json\/wp\/v2\/media\/13176"}],"wp:attachment":[{"href":"https:\/\/guiadenoticias.com.ar\/diario\/wp-json\/wp\/v2\/media?parent=13175"}],"wp:term":[{"taxonomy":"category","embeddable":true,"href":"https:\/\/guiadenoticias.com.ar\/diario\/wp-json\/wp\/v2\/categories?post=13175"},{"taxonomy":"post_tag","embeddable":true,"href":"https:\/\/guiadenoticias.com.ar\/diario\/wp-json\/wp\/v2\/tags?post=13175"}],"curies":[{"name":"wp","href":"https:\/\/api.w.org\/{rel}","templated":true}]}}