{"id":13186,"date":"2019-06-28T23:11:07","date_gmt":"2019-06-29T02:11:07","guid":{"rendered":"https:\/\/guiadenoticias.com.ar\/diario\/?p=13186"},"modified":"2019-06-29T10:52:24","modified_gmt":"2019-06-29T13:52:24","slug":"gelay-no-hay-lugar-para-las-mezquindades-politicas","status":"publish","type":"post","link":"https:\/\/guiadenoticias.com.ar\/diario\/gelay-no-hay-lugar-para-las-mezquindades-politicas\/","title":{"rendered":"Gelay: \u201cNo hay lugar para las mezquindades pol\u00edticas\u201d"},"content":{"rendered":"<p>\u201cEs una interna inesperada y no deseada, pero llegamos ac\u00e1 por la decisi\u00f3n de los compa\u00f1eros dirigentes de otros sectores. Algunos rompieron un poco la construcci\u00f3n que ten\u00edamos desde 2017\u201d, arranc\u00f3 la charla Federico Gelay, sentado en un rinc\u00f3n del galp\u00f3n cultural. El precandidato a intendente expres\u00f3 ante Gu\u00eda de Noticias su desencanto por las dos listas que competir\u00e1n en las internas del Frente de Todos. Sin embargo admiti\u00f3, \u201ctienen su derecho los compa\u00f1eros y el pueblo de San Isidro determinar\u00e1 cu\u00e1l es el proyecto que lo representar\u00e1 en octubre\u201d.<\/p>\n<p>Recibi\u00f3 a este portal en la sede cultural de la Agrupaci\u00f3n Pampa, el espacio fundado por la senadora provincial Teresa Garc\u00eda, referente cercana a CFK. Desde all\u00ed aclar\u00f3 que \u201csi tenemos vocaci\u00f3n de poder y vamos a disputar el municipio no sobra nadie. Todos traccionaremos en base a este proyecto pol\u00edtico de poder\u201d.<\/p>\n<p>El empresario ser\u00e1 la cara de un armado impulsado por Teresa Garc\u00eda que contuvo a buena parte de Unidad Ciudadana. \u201cSoy candidato porque me eligieron el 100% de las agrupaciones, incluida La C\u00e1mpora antes de irse. Teresa y los compa\u00f1eros entendieron que mi candidatura expresa una s\u00edntesis del conjunto del campo popular y hace eje en el mundo del trabajo y la producci\u00f3n\u201d, manifest\u00f3.<\/p>\n<p>El ex edil destac\u00f3 asimismo que en su paso por el Concejo Deliberante fue \u201ccoherente\u201d y \u201csiempre estuve en las ant\u00edpodas del possismo\u201d. En ese sentido record\u00f3, \u201cnunca vote nada a Posse, incluso soport\u00e9 votaciones 23 a 1, como en el convenio con Provincia por el Puerto de San Isidro. Meses despu\u00e9s, algunos opositores pidieron volver atr\u00e1s\u201d.<\/p>\n<p>Su lista logr\u00f3 tambi\u00e9n cerrar la representaci\u00f3n de las centrales obreras CTA y CGT Zona Norte. La primera precandidata a concejal, Milena Lamonega, es la secretaria General de SADOP y dirigente cegetista. En el segundo lugar firm\u00f3 Gast\u00f3n Fern\u00e1ndez, secretario de Derechos Humanos de ATE. Y la tercera en la n\u00f3mina es Laura Van Lacke, de CP Descamisados. A su vez, Alicia Quevedo, de Suteba, encabeza los consejeros escolares.<\/p>\n<p>Por su lado, La C\u00e1mpora y los movimientos sociales, como Patria Grande, acordaron con el Frente Renovador y el PJ de Santiago Cafiero. Al ser consultado sobre si le preocupa el 12 de agosto, d\u00eda posterior a las PASO, rememor\u00f3 que hace dos a\u00f1os \u00e9l disput\u00f3 la interna con boleta corta y, finalmente, se orden\u00f3 detr\u00e1s de los ganadores. \u201cEspero que en esta oportunidad, todos los dirigentes acepten la voluntad popular y est\u00e9n a la altura del mandato que expresen las urnas\u201d, anticip\u00f3.<\/p>\n<p>\u201cEntiendo que va a ser as\u00ed porque no hay m\u00e1rgenes\u201d, dijo, y agreg\u00f3, \u201cla situaci\u00f3n econ\u00f3mica actual les pide a los dirigentes grandeza. Quien no est\u00e9 a la altura se tendr\u00e1 que jubilar. Con lo cual, hoy m\u00e1s que nunca no hay lugares para las mezquindades pol\u00edticas\u201d.<\/p>\n","protected":false},"excerpt":{"rendered":"<p>\u201cEs una interna inesperada y no deseada, pero llegamos ac\u00e1 por la decisi\u00f3n de los compa\u00f1eros dirigentes de otros sectores. Algunos rompieron un poco la construcci\u00f3n que ten\u00edamos desde 2017\u201d, arranc\u00f3 la charla Federico Gelay, sentado en un rinc\u00f3n del galp\u00f3n cultural. El precandidato a intendente expres\u00f3 ante Gu\u00eda de Noticias su desencanto por las [&hellip;]<\/p>\n","protected":false},"author":1,"featured_media":13187,"comment_status":"closed","ping_status":"open","sticky":false,"template":"","format":"standard","meta":{"footnotes":""},"categories":[20,48,21],"tags":[],"class_list":{"0":"post-13186","1":"post","2":"type-post","3":"status-publish","4":"format-standard","5":"has-post-thumbnail","7":"category-municipios","8":"category-politica-argentina","9":"category-san-isidro"},"aioseo_notices":[],"_links":{"self":[{"href":"https:\/\/guiadenoticias.com.ar\/diario\/wp-json\/wp\/v2\/posts\/13186","targetHints":{"allow":["GET"]}}],"collection":[{"href":"https:\/\/guiadenoticias.com.ar\/diario\/wp-json\/wp\/v2\/posts"}],"about":[{"href":"https:\/\/guiadenoticias.com.ar\/diario\/wp-json\/wp\/v2\/types\/post"}],"author":[{"embeddable":true,"href":"https:\/\/guiadenoticias.com.ar\/diario\/wp-json\/wp\/v2\/users\/1"}],"replies":[{"embeddable":true,"href":"https:\/\/guiadenoticias.com.ar\/diario\/wp-json\/wp\/v2\/comments?post=13186"}],"version-history":[{"count":4,"href":"https:\/\/guiadenoticias.com.ar\/diario\/wp-json\/wp\/v2\/posts\/13186\/revisions"}],"predecessor-version":[{"id":13192,"href":"https:\/\/guiadenoticias.com.ar\/diario\/wp-json\/wp\/v2\/posts\/13186\/revisions\/13192"}],"wp:featuredmedia":[{"embeddable":true,"href":"https:\/\/guiadenoticias.com.ar\/diario\/wp-json\/wp\/v2\/media\/13187"}],"wp:attachment":[{"href":"https:\/\/guiadenoticias.com.ar\/diario\/wp-json\/wp\/v2\/media?parent=13186"}],"wp:term":[{"taxonomy":"category","embeddable":true,"href":"https:\/\/guiadenoticias.com.ar\/diario\/wp-json\/wp\/v2\/categories?post=13186"},{"taxonomy":"post_tag","embeddable":true,"href":"https:\/\/guiadenoticias.com.ar\/diario\/wp-json\/wp\/v2\/tags?post=13186"}],"curies":[{"name":"wp","href":"https:\/\/api.w.org\/{rel}","templated":true}]}}