{"id":13292,"date":"2019-07-17T21:12:55","date_gmt":"2019-07-18T00:12:55","guid":{"rendered":"https:\/\/guiadenoticias.com.ar\/diario\/?p=13292"},"modified":"2019-07-17T21:14:50","modified_gmt":"2019-07-18T00:14:50","slug":"gelay-esta-es-una-lista-que-tiene-coherencia-e-identidad","status":"publish","type":"post","link":"https:\/\/guiadenoticias.com.ar\/diario\/gelay-esta-es-una-lista-que-tiene-coherencia-e-identidad\/","title":{"rendered":"Gelay: \u201cEsta es una lista que tiene coherencia e identidad\u201d"},"content":{"rendered":"<p>El Galp\u00f3n Cultural Pampa de Beccar fue el lugar elegido para el lanzamiento de la lista del Frente de Todos encabezada por Federico Gelay, quien la present\u00f3 como una n\u00f3mina que \u201ctiene coherencia e identidad\u201d. Por su parte, la senadora seccional Mar\u00eda Teresa Garc\u00eda, que est\u00e1 al frente de este armado que re\u00fane a 16 agrupaciones pol\u00edticas y gremiales, acompa\u00f1\u00f3 a los precandidatos que apoya para las PASO de agosto.<\/p>\n<p>En la conferencia de prensa, previa al acto que cont\u00f3 con una numerosa movilizaci\u00f3n, estuvieron Milena Lamonega, precandidata a primera concejal y secretaria General de SADOP; Gast\u00f3n Fern\u00e1ndez, de ATE, y Laura Van Lacke, que ocupa el tercer lugar; asimismo particip\u00f3 Alicia Quevedo, primera precandidata a consejera escolar y secretaria de Suteba.<\/p>\n<p>La jefa del bloque kirchnerista en el Senado bonaerense, a cargo de la fiscalizaci\u00f3n en toda la provincia, realiz\u00f3 la introducci\u00f3n. \u201cComo militante de San Isidro quiero comenzar diciendo que pocas veces uno se siente tan orgulloso de una lista, en la cual se combinan dos cosas centrales para el peronismo, el trabajo y la producci\u00f3n\u201d, mencion\u00f3. Destac\u00f3 de los postulantes sus perfiles complementarios y algunas caracter\u00edsticas, \u201cmilitancia, compromiso e historia\u201d.<\/p>\n<p>Garc\u00eda se\u00f1al\u00f3 ante los periodistas, \u201cla gente supone que aqu\u00ed todo el mundo tiene resuelto el tema de la educaci\u00f3n, la salud y la seguridad; sin embargo, no es as\u00ed, tenemos graves problemas en las zonas m\u00e1s marginadas del distrito\u201d.<\/p>\n<p>Y a\u00f1adi\u00f3, \u201cqueremos apostar a que los barrios m\u00e1s postergados tengan una oportunidad. Que las clases medias sean nuevamente florecientes\u201d, consider\u00f3, adem\u00e1s, que \u201clas clases m\u00e1s pudientes tienen tambi\u00e9n sus problemas en el distrito, algunos ser\u00e1n de seguridad y otros, de integraci\u00f3n\u201d.<\/p>\n<p>Consultada por Gu\u00eda de Noticias sobre la estrategia de campa\u00f1a en la etapa de las Primarias, anticip\u00f3 que el acento estar\u00e1 puesto en la fiscalizaci\u00f3n. \u201cNos vamos a repartir con los compa\u00f1eros en cada localidad. Habr\u00e1 un solo material gr\u00e1fico. Y haremos caminatas de los precandidatos\u201d, complet\u00f3.<\/p>\n<p>A su turno, cada uno de los precandidatos remarc\u00f3 que se trata una lista de unidad &#8211; aunque al comienzo del acto existi\u00f3 una diferencia entre algunas representaciones gremiales -. \u201cMarchamos a mayor unidad, las PASO nos van a ordenar. Vamos a salir con un peronismo ordenado para disputarle las generales a Posse\u201d, puntualizaron.<\/p>\n<p>Antes de reunirse con la militancia, Gelay reconoci\u00f3 la conducci\u00f3n de Teresa Garc\u00eda, \u201cdio una gran lucha para sostener a esta lista\u201d; ponder\u00f3 tambi\u00e9n al movimiento obrero, las Pymes y los comerciantes.<\/p>\n<p>\u201cCuando muchos piensan que el peronismo no puede ganar en San Isidro, nosotros contestamos que el peronismo ya gan\u00f3, con Cristina, el problema fue que en ese momento los dirigentes locales que armaban las listas no sab\u00edan interpretar a nuestro pueblo\u201d, apunt\u00f3, y redobl\u00f3 la apuesta: \u201cSomos el peronismo de la victoria y repudiamos al peronismo de la derrota\u201d.<\/p>\n<p>El precandidato a jefe comunal tuvo palabras de elogios hacia Axel Kicillof, \u201ces un enorme candidato. Es honesto, transparente\u201d, enumer\u00f3.<\/p>\n<p>En cuanto al apoyo de Alberto Fern\u00e1ndez a la otra boleta, el ex edil lo minimiz\u00f3. \u201cPara m\u00ed, al precandidato a Presidente alg\u00fan compa\u00f1ero p\u00edcaro le cont\u00f3 que ac\u00e1 hab\u00eda una sola lista\u201d, y agreg\u00f3, \u201cuno no pretende que est\u00e9 al tanto de lo que ocurre en los tres mil municipios del pa\u00eds. Nuestro trabajo territorial es tan fuerte que cuando Alberto quiera venir al distrito estaremos a su disposici\u00f3n. Somos militantes de Cristina y de Alberto\u201d.<\/p>\n","protected":false},"excerpt":{"rendered":"<p>El Galp\u00f3n Cultural Pampa de Beccar fue el lugar elegido para el lanzamiento de la lista del Frente de Todos encabezada por Federico Gelay, quien la present\u00f3 como una n\u00f3mina que \u201ctiene coherencia e identidad\u201d. Por su parte, la senadora seccional Mar\u00eda Teresa Garc\u00eda, que est\u00e1 al frente de este armado que re\u00fane a 16 [&hellip;]<\/p>\n","protected":false},"author":1,"featured_media":13293,"comment_status":"closed","ping_status":"open","sticky":false,"template":"","format":"standard","meta":{"footnotes":""},"categories":[20,48,21],"tags":[],"class_list":{"0":"post-13292","1":"post","2":"type-post","3":"status-publish","4":"format-standard","5":"has-post-thumbnail","7":"category-municipios","8":"category-politica-argentina","9":"category-san-isidro"},"aioseo_notices":[],"_links":{"self":[{"href":"https:\/\/guiadenoticias.com.ar\/diario\/wp-json\/wp\/v2\/posts\/13292","targetHints":{"allow":["GET"]}}],"collection":[{"href":"https:\/\/guiadenoticias.com.ar\/diario\/wp-json\/wp\/v2\/posts"}],"about":[{"href":"https:\/\/guiadenoticias.com.ar\/diario\/wp-json\/wp\/v2\/types\/post"}],"author":[{"embeddable":true,"href":"https:\/\/guiadenoticias.com.ar\/diario\/wp-json\/wp\/v2\/users\/1"}],"replies":[{"embeddable":true,"href":"https:\/\/guiadenoticias.com.ar\/diario\/wp-json\/wp\/v2\/comments?post=13292"}],"version-history":[{"count":1,"href":"https:\/\/guiadenoticias.com.ar\/diario\/wp-json\/wp\/v2\/posts\/13292\/revisions"}],"predecessor-version":[{"id":13294,"href":"https:\/\/guiadenoticias.com.ar\/diario\/wp-json\/wp\/v2\/posts\/13292\/revisions\/13294"}],"wp:featuredmedia":[{"embeddable":true,"href":"https:\/\/guiadenoticias.com.ar\/diario\/wp-json\/wp\/v2\/media\/13293"}],"wp:attachment":[{"href":"https:\/\/guiadenoticias.com.ar\/diario\/wp-json\/wp\/v2\/media?parent=13292"}],"wp:term":[{"taxonomy":"category","embeddable":true,"href":"https:\/\/guiadenoticias.com.ar\/diario\/wp-json\/wp\/v2\/categories?post=13292"},{"taxonomy":"post_tag","embeddable":true,"href":"https:\/\/guiadenoticias.com.ar\/diario\/wp-json\/wp\/v2\/tags?post=13292"}],"curies":[{"name":"wp","href":"https:\/\/api.w.org\/{rel}","templated":true}]}}