{"id":13316,"date":"2019-07-21T21:53:42","date_gmt":"2019-07-22T00:53:42","guid":{"rendered":"https:\/\/guiadenoticias.com.ar\/diario\/?p=13316"},"modified":"2019-07-21T21:53:42","modified_gmt":"2019-07-22T00:53:42","slug":"posse-pide-acompanamiento-en-las-elecciones","status":"publish","type":"post","link":"https:\/\/guiadenoticias.com.ar\/diario\/posse-pide-acompanamiento-en-las-elecciones\/","title":{"rendered":"Posse pide acompa\u00f1amiento en las elecciones"},"content":{"rendered":"<p>El intendente de San Isidro, Gustavo Posse, envi\u00f3 una carta a los vecinos en la cual les pidi\u00f3 su acompa\u00f1amiento en las pr\u00f3ximas elecciones.<\/p>\n<p>Se dirigi\u00f3 a ellos como \u201cqueridos amigas y amigos\u201d y les hizo un repaso de su gesti\u00f3n para terminar con la frase: \u201cTe pido que, en estas elecciones, vuelvas a acompa\u00f1arme con tu voto para que juntos sigamos mejorando San Isidro\u201d. El texto est\u00e1 encabezado por una foto en la que se muestra con la gobernadora Mar\u00eda Eugenia Vidal en la est\u00e9tica de Juntos por el Cambio.<\/p>\n<p>En la carta menciona, \u201csoy intendente porque en varias oportunidades la mayor\u00eda de los vecinos decidieron darme esa enorme responsabilidad. Ahora, nuevamente soy candidato a intendente y espero este a\u00f1o ser ratificado por vos en esta tarea extraordinaria a la que dediqu\u00e9 y dedico gran parte de mi vida\u201d.<\/p>\n<p>Hace un repaso de los \u201cmuchos logros y grandes transformaciones\u201d, como los 12 t\u00faneles que conectan las distintas localidades. Destaca, adem\u00e1s, las obras hidr\u00e1ulicas como reservorios, desag\u00fces y defensas costeras que impiden inundaciones.<\/p>\n<p>Tambi\u00e9n enumera los avances en materia de seguridad, infraestructura y mejoras, como el recambio completo de las luces por luminarias LED.<\/p>\n<p>El jefe comunal no evita el contexto econ\u00f3mico: \u201cNunca descuidamos la pol\u00edtica social, ampliamos los tres hospitales municipales, los campos de deportes, la educaci\u00f3n, las propuestas culturales, los comedores escolares, el programa para los adultos mayores, entre otras acciones igualadoras\u201d.<\/p>\n","protected":false},"excerpt":{"rendered":"<p>El intendente de San Isidro, Gustavo Posse, envi\u00f3 una carta a los vecinos en la cual les pidi\u00f3 su acompa\u00f1amiento en las pr\u00f3ximas elecciones. Se dirigi\u00f3 a ellos como \u201cqueridos amigas y amigos\u201d y les hizo un repaso de su gesti\u00f3n para terminar con la frase: \u201cTe pido que, en estas elecciones, vuelvas a acompa\u00f1arme [&hellip;]<\/p>\n","protected":false},"author":1,"featured_media":13317,"comment_status":"closed","ping_status":"open","sticky":false,"template":"","format":"standard","meta":{"footnotes":""},"categories":[20,48,21],"tags":[],"class_list":{"0":"post-13316","1":"post","2":"type-post","3":"status-publish","4":"format-standard","5":"has-post-thumbnail","7":"category-municipios","8":"category-politica-argentina","9":"category-san-isidro"},"aioseo_notices":[],"_links":{"self":[{"href":"https:\/\/guiadenoticias.com.ar\/diario\/wp-json\/wp\/v2\/posts\/13316","targetHints":{"allow":["GET"]}}],"collection":[{"href":"https:\/\/guiadenoticias.com.ar\/diario\/wp-json\/wp\/v2\/posts"}],"about":[{"href":"https:\/\/guiadenoticias.com.ar\/diario\/wp-json\/wp\/v2\/types\/post"}],"author":[{"embeddable":true,"href":"https:\/\/guiadenoticias.com.ar\/diario\/wp-json\/wp\/v2\/users\/1"}],"replies":[{"embeddable":true,"href":"https:\/\/guiadenoticias.com.ar\/diario\/wp-json\/wp\/v2\/comments?post=13316"}],"version-history":[{"count":1,"href":"https:\/\/guiadenoticias.com.ar\/diario\/wp-json\/wp\/v2\/posts\/13316\/revisions"}],"predecessor-version":[{"id":13318,"href":"https:\/\/guiadenoticias.com.ar\/diario\/wp-json\/wp\/v2\/posts\/13316\/revisions\/13318"}],"wp:featuredmedia":[{"embeddable":true,"href":"https:\/\/guiadenoticias.com.ar\/diario\/wp-json\/wp\/v2\/media\/13317"}],"wp:attachment":[{"href":"https:\/\/guiadenoticias.com.ar\/diario\/wp-json\/wp\/v2\/media?parent=13316"}],"wp:term":[{"taxonomy":"category","embeddable":true,"href":"https:\/\/guiadenoticias.com.ar\/diario\/wp-json\/wp\/v2\/categories?post=13316"},{"taxonomy":"post_tag","embeddable":true,"href":"https:\/\/guiadenoticias.com.ar\/diario\/wp-json\/wp\/v2\/tags?post=13316"}],"curies":[{"name":"wp","href":"https:\/\/api.w.org\/{rel}","templated":true}]}}