{"id":13389,"date":"2019-08-01T01:02:38","date_gmt":"2019-08-01T04:02:38","guid":{"rendered":"https:\/\/guiadenoticias.com.ar\/diario\/?p=13389"},"modified":"2019-08-01T01:02:38","modified_gmt":"2019-08-01T04:02:38","slug":"hilding-ohlsson-confia-en-el-crecimiento-de-convocacion-civica","status":"publish","type":"post","link":"https:\/\/guiadenoticias.com.ar\/diario\/hilding-ohlsson-confia-en-el-crecimiento-de-convocacion-civica\/","title":{"rendered":"Hilding-Ohlsson conf\u00eda en el crecimiento de Convocaci\u00f3n C\u00edvica"},"content":{"rendered":"<p>A diez d\u00edas de las elecciones primarias, Marcos Hilding-Ohlsson hizo un alto en su fren\u00e9tica campa\u00f1a para conversar con Gu\u00eda de Noticias. Su agenda apretada empieza con volanteo en las estaciones de tren a primer a hora, pasa por recorridas por comercios, sigue por encuentros en casas y cierra con reuniones de trabajo. A pesar del cansancio evidente, el precandidato a intendente de Convocaci\u00f3n C\u00edvica confes\u00f3: \u201cEstamos entusiasmados por la muy buena respuesta de la gente en la calle. Crecimos mucho\u201d.<\/p>\n<p>El espacio que articul\u00f3 al partido vecinal Con Vocaci\u00f3n por San Isidro &#8211; que acumula 12 a\u00f1os de experiencia -, con el sector que responde al edil Carlos Castellano y a la porci\u00f3n del PRO de Ram\u00f3n Lan\u00fas, tiene como objetivo pegar el \u201cbatacazo\u201d en las generales de octubre. No son improvisados: han estudiado con especialistas los casos de Andreotti en San Fernando y de Katopodis en San Mart\u00edn, como muestra de fuerzas pol\u00edticas que corrieron de atr\u00e1s a los oficialismos y conquistaron las Intendencias.<\/p>\n<p>Para ello consideran necesario adquirir un piso cercano a los 30 puntos en las Primarias. Instalar una agenda de tinte municipal y trabajar el corte de boleta.<\/p>\n<p>\u201cEsto resulta de un trabajo de hormiga en mucho tiempo, de ser persistentes con la misma l\u00ednea de pensamiento, con propuestas, dar lugar a la voz del vecino. La gente que nos conoce nos vota. Si comparamos el nivel de conocimiento, tenemos muy buena respuesta\u201d, se entusiasm\u00f3 Hilding-Ohlsson ante este portal.<\/p>\n<p>\u201cNuestro desaf\u00edo es que la gente se enfoque en los temas locales y corte boleta. Pero si fuera una elecci\u00f3n desdoblada como en otras provincias, hoy le ganar\u00edamos a Posse. El intendente pegado a Vidal nos la deja un poco dif\u00edcil, pero no es imposible\u201d, especul\u00f3.<\/p>\n<p><strong>UNA AGENDA MUNICIPAL<\/strong><\/p>\n<p>\u00bfCu\u00e1les son sus propuestas? El economista enumer\u00f3: \u201cNos enfocamos en todos los temas que le interesa al vecino cuando sale de su casa. Mejorar en los centros comerciales la infraestructura y las veredas. Reordenar el estacionamiento y el tr\u00e1nsito, crear una red de bicisendas, usar aplicaciones para repensar las l\u00edneas de colectivos y la tecnolog\u00eda enserio para mejorar la seguridad, porque en San Isidro nos quedamos en el tiempo. Abrir las calles en las seis villas que tiene el distrito. Reciclar y reducir el costo de la gesti\u00f3n de la basura que es alt\u00edsimo\u201d.<\/p>\n<p>Adem\u00e1s, el postulante a la Intendencia pone el foco en el sistema de salud. \u201cMuestra un gran deterioro. Era el mejor de Zona Norte y ahora est\u00e1 estancado. Los vecinos tienen que esperar tres meses por un turno y hay tres pisos del Hospital Central vac\u00edos\u201d, alert\u00f3. Entonces, Hilding propuso \u201calargar los horarios de los centros de atenci\u00f3n primaria, crear las historias cl\u00ednicas electr\u00f3nicas y un \u00e1rea de Traumatolog\u00eda en Boulogne\u201d.<\/p>\n<p>Respecto a los espacios p\u00fablicos, anticip\u00f3 un programa de creaci\u00f3n de plazas. \u201cBarrios enteros no tienen espacios verdes, por eso presentamos un proyecto de recuperaci\u00f3n de los predios no utilizados. Y poner en valor la costa, el puerto y el Golf\u201d.<\/p>\n<p>Tambi\u00e9n prometi\u00f3 que si en el predio de Beccar (ex OSN) se realiza un emprendimiento privado exigir\u00e1n apertura de calles y creaci\u00f3n de plazas.<\/p>\n<p><strong>EL TIJERETAZO<\/strong><\/p>\n<p>El cierre de listas fue tensionante para esta nueva coalici\u00f3n vecinal, dado los intentos hasta \u00faltimo momento del presidente de AABE, Ram\u00f3n Lan\u00fas, de candidatearse por el oficialismo. Entonces, algunos miembros del vecinalismo expresaron disconformidad por el cierre, pero las diferencias fueron saldadas. \u201cLos vecinos nos felicitan y nos dicen \u2018que bueno que se juntaron\u2019. Creemos que ahora estas tres fuerzas tienen la posibilidad de ganar juntas\u201d, evalu\u00f3 Marcos Hilding-Ohlsson.<\/p>\n<p>Para llegar a todos los sectores del distrito su partido ampli\u00f3 su base social. \u201cEn nuestro comit\u00e9 directivo tenemos gente de todas las zonas, incluso del Bajo Boulogne y Villa Adelina. Participan vecinos de todos los barrios\u201d.<\/p>\n<p>A nivel de estrategia de comunicaci\u00f3n, el frente \u00a0Convocaci\u00f3n C\u00edvica se propuso salir de los temas nacionales y crear una campa\u00f1a \u201cpositiva\u201d. \u201cNo hay entusiasmo en la calle; es m\u00e1s, mucha gente no sabe qu\u00e9 votar\u00e1. Pero a nosotros los vecinos no nos preguntan por temas nacionales, sino por las propuestas locales\u201d, explic\u00f3 el precandidato.<\/p>\n<p>Gracias a instalar temas distritales, el ex concejal conf\u00eda recolectar votos de todas las boletas nacionales. \u201cMucha gente de Juntos por el Cambio nos va votar porque Posse no representa los valores de Vidal y Macri. Y algunos que piensan votar al Frente de Todos nos dicen que si bien no acompa\u00f1an al gobierno nacional a nosotros s\u00ed. Tenemos gente de Espert y G\u00f3mez Centuri\u00f3n, y hasta de la izquierda que nos vota\u201d, revel\u00f3.<\/p>\n","protected":false},"excerpt":{"rendered":"<p>A diez d\u00edas de las elecciones primarias, Marcos Hilding-Ohlsson hizo un alto en su fren\u00e9tica campa\u00f1a para conversar con Gu\u00eda de Noticias. Su agenda apretada empieza con volanteo en las estaciones de tren a primer a hora, pasa por recorridas por comercios, sigue por encuentros en casas y cierra con reuniones de trabajo. A pesar [&hellip;]<\/p>\n","protected":false},"author":1,"featured_media":13390,"comment_status":"closed","ping_status":"open","sticky":false,"template":"","format":"standard","meta":{"footnotes":""},"categories":[20,48,21],"tags":[],"class_list":{"0":"post-13389","1":"post","2":"type-post","3":"status-publish","4":"format-standard","5":"has-post-thumbnail","7":"category-municipios","8":"category-politica-argentina","9":"category-san-isidro"},"aioseo_notices":[],"_links":{"self":[{"href":"https:\/\/guiadenoticias.com.ar\/diario\/wp-json\/wp\/v2\/posts\/13389","targetHints":{"allow":["GET"]}}],"collection":[{"href":"https:\/\/guiadenoticias.com.ar\/diario\/wp-json\/wp\/v2\/posts"}],"about":[{"href":"https:\/\/guiadenoticias.com.ar\/diario\/wp-json\/wp\/v2\/types\/post"}],"author":[{"embeddable":true,"href":"https:\/\/guiadenoticias.com.ar\/diario\/wp-json\/wp\/v2\/users\/1"}],"replies":[{"embeddable":true,"href":"https:\/\/guiadenoticias.com.ar\/diario\/wp-json\/wp\/v2\/comments?post=13389"}],"version-history":[{"count":1,"href":"https:\/\/guiadenoticias.com.ar\/diario\/wp-json\/wp\/v2\/posts\/13389\/revisions"}],"predecessor-version":[{"id":13391,"href":"https:\/\/guiadenoticias.com.ar\/diario\/wp-json\/wp\/v2\/posts\/13389\/revisions\/13391"}],"wp:featuredmedia":[{"embeddable":true,"href":"https:\/\/guiadenoticias.com.ar\/diario\/wp-json\/wp\/v2\/media\/13390"}],"wp:attachment":[{"href":"https:\/\/guiadenoticias.com.ar\/diario\/wp-json\/wp\/v2\/media?parent=13389"}],"wp:term":[{"taxonomy":"category","embeddable":true,"href":"https:\/\/guiadenoticias.com.ar\/diario\/wp-json\/wp\/v2\/categories?post=13389"},{"taxonomy":"post_tag","embeddable":true,"href":"https:\/\/guiadenoticias.com.ar\/diario\/wp-json\/wp\/v2\/tags?post=13389"}],"curies":[{"name":"wp","href":"https:\/\/api.w.org\/{rel}","templated":true}]}}