{"id":13492,"date":"2019-08-11T18:19:44","date_gmt":"2019-08-11T21:19:44","guid":{"rendered":"https:\/\/guiadenoticias.com.ar\/diario\/?p=13492"},"modified":"2019-08-11T18:19:44","modified_gmt":"2019-08-11T21:19:44","slug":"posse-confiamos-en-seguir-por-este-camino","status":"publish","type":"post","link":"https:\/\/guiadenoticias.com.ar\/diario\/posse-confiamos-en-seguir-por-este-camino\/","title":{"rendered":"Posse: \u201cConfiamos en seguir por este camino\u201d"},"content":{"rendered":"<p>El intendente de San Isidro, Gustavo Posse, vot\u00f3 en el Colegio de la Santa Cruz, en Beccar. \u201cLos comicios se est\u00e1n desarrollando con normalidad y celebramos esto, que la gente se acerque a emitir su voto, que participe y pueda elegir qu\u00e9 futuro quiere\u201d, afirm\u00f3.<\/p>\n<p>Tambi\u00e9n asegur\u00f3 \u201ctener una enorme satisfacci\u00f3n por lo logrado en los \u00faltimos a\u00f1os\u201d. \u201cLos sanisidrenses pusieron mucho esfuerzo de su parte y nos hicieron el aguante. Nosotros les cumplimos, durante muchos a\u00f1os hicimos la obra prioritaria, la de base, y ahora le toca el turno a todo lo que est\u00e1 arriba de la superficie. Confiamos en seguir por este camino\u201d, destac\u00f3.<\/p>\n<p>Adem\u00e1s, el jefe comunal hizo referencia a Juntos por el Cambio, \u201ccon aciertos y errores hay un rumbo, hay que recorrer este camino que llevar\u00e1 a una fase de mayor empleo y de llegar a los que m\u00e1s lo necesitan no con asistencia, sino con trabajo\u201d.<\/p>\n","protected":false},"excerpt":{"rendered":"<p>El intendente de San Isidro, Gustavo Posse, vot\u00f3 en el Colegio de la Santa Cruz, en Beccar. \u201cLos comicios se est\u00e1n desarrollando con normalidad y celebramos esto, que la gente se acerque a emitir su voto, que participe y pueda elegir qu\u00e9 futuro quiere\u201d, afirm\u00f3. Tambi\u00e9n asegur\u00f3 \u201ctener una enorme satisfacci\u00f3n por lo logrado en [&hellip;]<\/p>\n","protected":false},"author":1,"featured_media":13493,"comment_status":"closed","ping_status":"open","sticky":false,"template":"","format":"standard","meta":{"footnotes":""},"categories":[20,48,21],"tags":[],"class_list":{"0":"post-13492","1":"post","2":"type-post","3":"status-publish","4":"format-standard","5":"has-post-thumbnail","7":"category-municipios","8":"category-politica-argentina","9":"category-san-isidro"},"aioseo_notices":[],"_links":{"self":[{"href":"https:\/\/guiadenoticias.com.ar\/diario\/wp-json\/wp\/v2\/posts\/13492","targetHints":{"allow":["GET"]}}],"collection":[{"href":"https:\/\/guiadenoticias.com.ar\/diario\/wp-json\/wp\/v2\/posts"}],"about":[{"href":"https:\/\/guiadenoticias.com.ar\/diario\/wp-json\/wp\/v2\/types\/post"}],"author":[{"embeddable":true,"href":"https:\/\/guiadenoticias.com.ar\/diario\/wp-json\/wp\/v2\/users\/1"}],"replies":[{"embeddable":true,"href":"https:\/\/guiadenoticias.com.ar\/diario\/wp-json\/wp\/v2\/comments?post=13492"}],"version-history":[{"count":1,"href":"https:\/\/guiadenoticias.com.ar\/diario\/wp-json\/wp\/v2\/posts\/13492\/revisions"}],"predecessor-version":[{"id":13494,"href":"https:\/\/guiadenoticias.com.ar\/diario\/wp-json\/wp\/v2\/posts\/13492\/revisions\/13494"}],"wp:featuredmedia":[{"embeddable":true,"href":"https:\/\/guiadenoticias.com.ar\/diario\/wp-json\/wp\/v2\/media\/13493"}],"wp:attachment":[{"href":"https:\/\/guiadenoticias.com.ar\/diario\/wp-json\/wp\/v2\/media?parent=13492"}],"wp:term":[{"taxonomy":"category","embeddable":true,"href":"https:\/\/guiadenoticias.com.ar\/diario\/wp-json\/wp\/v2\/categories?post=13492"},{"taxonomy":"post_tag","embeddable":true,"href":"https:\/\/guiadenoticias.com.ar\/diario\/wp-json\/wp\/v2\/tags?post=13492"}],"curies":[{"name":"wp","href":"https:\/\/api.w.org\/{rel}","templated":true}]}}