{"id":13503,"date":"2019-08-12T02:49:57","date_gmt":"2019-08-12T05:49:57","guid":{"rendered":"https:\/\/guiadenoticias.com.ar\/diario\/?p=13503"},"modified":"2019-08-13T02:24:09","modified_gmt":"2019-08-13T05:24:09","slug":"posse-los-vecinos-ratificaron-la-gestion","status":"publish","type":"post","link":"https:\/\/guiadenoticias.com.ar\/diario\/posse-los-vecinos-ratificaron-la-gestion\/","title":{"rendered":"Posse: \u201cLos vecinos ratificaron la gesti\u00f3n\u201d"},"content":{"rendered":"<p>En medio de las noticias que llegaban desde Provincia y Naci\u00f3n, el intendente de San Isidro, Gustavo Posse, pudo mostrarse otra vez ganador en el pago chico. \u201cNuevamente, los vecinos de San Isidro ratificaron la gesti\u00f3n, ratificaron un camino\u201d, anunci\u00f3.<\/p>\n<p>El jefe comunal, rodeado por la plana mayor de su gobierno, a las 22 horas del domingo inform\u00f3, \u201chemos ganado por casi 20 puntos de distancia\u201d. Y salud\u00f3 al Frente de Todos \u201cporque obtuvo el segundo lugar claramente\u201d; consider\u00f3 asimismo que el vecinalismo obtuvo el tercer lugar. Aunque el escrutinio estaba demorado, seg\u00fan Posse, cerca del 41%\u00a0 de los votantes eligi\u00f3 su boleta.<\/p>\n<p>\u201cLos vecinos me dan nuevamente la posibilidad de que en octubre podamos convencer a los que no pudieron votar, y a los que no pudimos llegar con el mensaje. La gesti\u00f3n puede ser cada vez mejor. Tiene bases buenas, un plan maestro, pero estamos al servicio de la gente. Siempre se puede mejorar\u201d, ampli\u00f3.<\/p>\n<p>En el contacto con la prensa, el intendente de Juntos por el Cambio sostuvo la importancia de contar con una mayor\u00eda en el Concejo Deliberante, con la mira puesta en las generales de octubre, cuando se define la representaci\u00f3n. \u201cSi un gobierno no tiene la suficiente cantidad de concejales es m\u00e1s d\u00e9bil. Tarda en sacar las medidas. Estamos en minor\u00eda ahora, pero vamos a recuperarla, aunque no una mayor\u00eda sin di\u00e1logo\u201d, proyect\u00f3.<\/p>\n<p>Acompa\u00f1aron a Posse el presidente del Concejo Deliberante,\u00a0 Andr\u00e9s Rol\u00f3n, el jefe de campa\u00f1a, H\u00e9ctor Prassel, y los ediles Pablo Fontatet, Rosal\u00eda Fucello y Gabriela Mart\u00ednez, entre otros dirigentes.<\/p>\n","protected":false},"excerpt":{"rendered":"<p>En medio de las noticias que llegaban desde Provincia y Naci\u00f3n, el intendente de San Isidro, Gustavo Posse, pudo mostrarse otra vez ganador en el pago chico. \u201cNuevamente, los vecinos de San Isidro ratificaron la gesti\u00f3n, ratificaron un camino\u201d, anunci\u00f3. El jefe comunal, rodeado por la plana mayor de su gobierno, a las 22 horas [&hellip;]<\/p>\n","protected":false},"author":1,"featured_media":13504,"comment_status":"closed","ping_status":"open","sticky":false,"template":"","format":"standard","meta":{"footnotes":""},"categories":[70,20,48,21],"tags":[],"class_list":{"0":"post-13503","1":"post","2":"type-post","3":"status-publish","4":"format-standard","5":"has-post-thumbnail","7":"category-las-mas-leidas","8":"category-municipios","9":"category-politica-argentina","10":"category-san-isidro"},"aioseo_notices":[],"_links":{"self":[{"href":"https:\/\/guiadenoticias.com.ar\/diario\/wp-json\/wp\/v2\/posts\/13503","targetHints":{"allow":["GET"]}}],"collection":[{"href":"https:\/\/guiadenoticias.com.ar\/diario\/wp-json\/wp\/v2\/posts"}],"about":[{"href":"https:\/\/guiadenoticias.com.ar\/diario\/wp-json\/wp\/v2\/types\/post"}],"author":[{"embeddable":true,"href":"https:\/\/guiadenoticias.com.ar\/diario\/wp-json\/wp\/v2\/users\/1"}],"replies":[{"embeddable":true,"href":"https:\/\/guiadenoticias.com.ar\/diario\/wp-json\/wp\/v2\/comments?post=13503"}],"version-history":[{"count":1,"href":"https:\/\/guiadenoticias.com.ar\/diario\/wp-json\/wp\/v2\/posts\/13503\/revisions"}],"predecessor-version":[{"id":13505,"href":"https:\/\/guiadenoticias.com.ar\/diario\/wp-json\/wp\/v2\/posts\/13503\/revisions\/13505"}],"wp:featuredmedia":[{"embeddable":true,"href":"https:\/\/guiadenoticias.com.ar\/diario\/wp-json\/wp\/v2\/media\/13504"}],"wp:attachment":[{"href":"https:\/\/guiadenoticias.com.ar\/diario\/wp-json\/wp\/v2\/media?parent=13503"}],"wp:term":[{"taxonomy":"category","embeddable":true,"href":"https:\/\/guiadenoticias.com.ar\/diario\/wp-json\/wp\/v2\/categories?post=13503"},{"taxonomy":"post_tag","embeddable":true,"href":"https:\/\/guiadenoticias.com.ar\/diario\/wp-json\/wp\/v2\/tags?post=13503"}],"curies":[{"name":"wp","href":"https:\/\/api.w.org\/{rel}","templated":true}]}}