{"id":13523,"date":"2019-08-13T02:19:29","date_gmt":"2019-08-13T05:19:29","guid":{"rendered":"https:\/\/guiadenoticias.com.ar\/diario\/?p=13523"},"modified":"2019-08-13T21:53:51","modified_gmt":"2019-08-14T00:53:51","slug":"convocacion-proclamo-que-es-segunda-fuerza-en-san-isidro","status":"publish","type":"post","link":"https:\/\/guiadenoticias.com.ar\/diario\/convocacion-proclamo-que-es-segunda-fuerza-en-san-isidro\/","title":{"rendered":"ConVocaci\u00f3n proclam\u00f3 que es \u201csegunda fuerza\u201d en San Isidro"},"content":{"rendered":"<p>Con un clima de satisfacci\u00f3n, la coalici\u00f3n vecinalista ConVocaci\u00f3n C\u00edvica Cambia San Isidro se proclam\u00f3 \u201csegunda fuerza\u201d pol\u00edtica en el distrito. \u201cNos consolidamos como la segunda fuerza y creemos que todav\u00eda tenemos posibilidades en octubre\u201d, evalu\u00f3 Marcos Hilding-Ohlsson, candidato a la Intendencia, tras cargar los resultados de todas las mesas de la ciudad. El economista fue el postulante que m\u00e1s votos recolect\u00f3 luego del intendente Gustavo Posse.<\/p>\n<p>En el bunker de Mart\u00ednez hubo festejo medido\u00a0 por haber quedado un poco por debajo de las expectativas. Aunque esperaban acercarse al 25%, sus dirigentes anunciaron a la medianoche del domingo que alcanzaban el 22%. Con el correr de las horas, el escrutinio oficial los estableci\u00f3 en 20%. Sin embargo, creen que al mantener la distancia de 20 puntos con Posse pueden lograr el \u201cefecto Andreotti\u201d, cuando en 2011 el actual intendente de San Fernando revirti\u00f3 con boleta corta una distancia similar.<\/p>\n<p>\u201cNos hubiera encantado llegar al 25%, pero si miramos atr\u00e1s, a las PASO 2017, subimos 20 mil votos\u201d, alent\u00f3 el economista a la militancia agolpada en la esquina de la sede vecinalista. A su lado, Carlos Castellano, el concejal y jefe de campa\u00f1a, Mart\u00edn Lutufyan, y la candidata a edil Mar\u00eda Feldtmann, lo respaldaban.<\/p>\n<p>\u201cEn todas las elecciones logramos que nos traspasen votos, ya que crecemos entre un 40 y 50%. Por eso creemos que estamos en nuestro piso. Vamos a buscar a la gente que tenga preocupaciones nacionales para que corte boleta a favor de nuestra propuesta local\u201d, afirm\u00f3.<\/p>\n<p>El dirigente recalc\u00f3 que lograron instalar el corte de boleta \u201cgracias a mucha presencia en la calle, a las propuestas barriales\u201d. \u201cFue una elecci\u00f3n dif\u00edcil debido a una polarizaci\u00f3n nacional tan grande. Por eso, nuestro desaf\u00edo era que la gente se anime a cortar\u201d, analiz\u00f3.<\/p>\n<p><strong>ALIANZA FORTALECIDA<\/strong><\/p>\n<p>Hilding-Ohlsson ratific\u00f3 que la alianza con los espacios conducidos por Carlos Castellano y parte del PRO \u201cno es meramente electoral, sino que queremos consolidarla en el tiempo y fortalecer su representaci\u00f3n en el Concejo Deliberante\u201d.<\/p>\n<p>A su vez destac\u00f3 que desarrollaron una campa\u00f1a con bajos recursos y sumaron cerca de mil voluntarios para todas las mesas del distrito. En este sentido, volvi\u00f3 a poner el acento en la \u201ccampa\u00f1a sucia\u201d que acusan haber sufrido de parte del oficialismo local. \u201cPero no nos vamos a enredar, sino hacer una campa\u00f1a positiva\u201d, cerr\u00f3.<\/p>\n<p>Por su lado, el candidato a consejero escolar Carlos Castellano apunt\u00f3 sus ca\u00f1ones contra el peronismo, sector\u00a0 que los vecinalistas quieren dejar en tercer lugar. El dirigente radical celebr\u00f3, \u201cest\u00e1 claro que hay una alternativa a Posse en San Isidro. Se rompi\u00f3 la puja entre el peronismo y el possismo\u201d.\u00a0 \u201cEl peronismo nunca pasar\u00e1 el 26% de los votos, por eso somos la alternativa real\u201d, sentenci\u00f3.<\/p>\n<p>\u201cColocamos en la agenda de gobierno la transparencia y el respeto al contribuyente y ciudadano. Somos la \u00fanica fuerza pol\u00edtica que se sent\u00f3 a discutir la Rendici\u00f3n de Cuentas este a\u00f1o, que de forma vergonzosa el peronismo negoci\u00f3 con Posse. Eso afecta a los vecinos\u201d, acus\u00f3, y agreg\u00f3, \u201cnuestro espacio represtigia la pol\u00edtica y le da decencia a la funci\u00f3n p\u00fablica\u201d.<\/p>\n","protected":false},"excerpt":{"rendered":"<p>Con un clima de satisfacci\u00f3n, la coalici\u00f3n vecinalista ConVocaci\u00f3n C\u00edvica Cambia San Isidro se proclam\u00f3 \u201csegunda fuerza\u201d pol\u00edtica en el distrito. \u201cNos consolidamos como la segunda fuerza y creemos que todav\u00eda tenemos posibilidades en octubre\u201d, evalu\u00f3 Marcos Hilding-Ohlsson, candidato a la Intendencia, tras cargar los resultados de todas las mesas de la ciudad. El economista [&hellip;]<\/p>\n","protected":false},"author":1,"featured_media":13524,"comment_status":"closed","ping_status":"open","sticky":false,"template":"","format":"standard","meta":{"footnotes":""},"categories":[70,20,48,21],"tags":[],"class_list":{"0":"post-13523","1":"post","2":"type-post","3":"status-publish","4":"format-standard","5":"has-post-thumbnail","7":"category-las-mas-leidas","8":"category-municipios","9":"category-politica-argentina","10":"category-san-isidro"},"aioseo_notices":[],"_links":{"self":[{"href":"https:\/\/guiadenoticias.com.ar\/diario\/wp-json\/wp\/v2\/posts\/13523","targetHints":{"allow":["GET"]}}],"collection":[{"href":"https:\/\/guiadenoticias.com.ar\/diario\/wp-json\/wp\/v2\/posts"}],"about":[{"href":"https:\/\/guiadenoticias.com.ar\/diario\/wp-json\/wp\/v2\/types\/post"}],"author":[{"embeddable":true,"href":"https:\/\/guiadenoticias.com.ar\/diario\/wp-json\/wp\/v2\/users\/1"}],"replies":[{"embeddable":true,"href":"https:\/\/guiadenoticias.com.ar\/diario\/wp-json\/wp\/v2\/comments?post=13523"}],"version-history":[{"count":1,"href":"https:\/\/guiadenoticias.com.ar\/diario\/wp-json\/wp\/v2\/posts\/13523\/revisions"}],"predecessor-version":[{"id":13525,"href":"https:\/\/guiadenoticias.com.ar\/diario\/wp-json\/wp\/v2\/posts\/13523\/revisions\/13525"}],"wp:featuredmedia":[{"embeddable":true,"href":"https:\/\/guiadenoticias.com.ar\/diario\/wp-json\/wp\/v2\/media\/13524"}],"wp:attachment":[{"href":"https:\/\/guiadenoticias.com.ar\/diario\/wp-json\/wp\/v2\/media?parent=13523"}],"wp:term":[{"taxonomy":"category","embeddable":true,"href":"https:\/\/guiadenoticias.com.ar\/diario\/wp-json\/wp\/v2\/categories?post=13523"},{"taxonomy":"post_tag","embeddable":true,"href":"https:\/\/guiadenoticias.com.ar\/diario\/wp-json\/wp\/v2\/tags?post=13523"}],"curies":[{"name":"wp","href":"https:\/\/api.w.org\/{rel}","templated":true}]}}