{"id":13548,"date":"2019-08-19T00:42:44","date_gmt":"2019-08-19T03:42:44","guid":{"rendered":"https:\/\/guiadenoticias.com.ar\/diario\/?p=13548"},"modified":"2019-08-19T21:22:50","modified_gmt":"2019-08-20T00:22:50","slug":"federico-gelay-venimos-a-disputar-el-poder-municipal","status":"publish","type":"post","link":"https:\/\/guiadenoticias.com.ar\/diario\/federico-gelay-venimos-a-disputar-el-poder-municipal\/","title":{"rendered":"Federico Gelay: \u201cVenimos a disputar el poder municipal\u201d"},"content":{"rendered":"<p>Federico Gelay fue uno de los ganadores de las PASO. En las internas del Frente de Todos de San Isidro se impuso ante la boleta encabezada por la concejal Fernanda Mi\u00f1o. Su sociedad con la legisladora Teresa Garc\u00eda y varios gremios obtuvo el aval que lo dej\u00f3 en la cancha para el 27 de octubre.<\/p>\n<p>\u201cFue un resultado contundente. Ganamos en las seis localidades del distrito, ganamos en el 95% de los colegios. Hablamos de una interna que acumul\u00f3 casi 53 mil votos, uno de los picos del peronismo local m\u00e1s alto de los \u00faltimos 25 a\u00f1os\u201d, mencion\u00f3 el candidato a intendente.<\/p>\n<p>En di\u00e1logo con Gu\u00eda de Noticias destac\u00f3 que \u201cla clave estuvo en la militancia desplegada en todos los barrios, en especial Boulogne, Villa Adelina y una parte de Beccar, donde tuvimos los resultados m\u00e1s contundentes de esta interna\u201d.<\/p>\n<p>El empresario Pyme neg\u00f3 asimismo que el distrito sea hostil con el peronismo. \u201cEn 2011, Cristina (Fern\u00e1ndez) nos mostr\u00f3 que se puede ganar San Isidro, cuando gan\u00f3 la franja de Presidente por alrededor del 35 %\u201d, aunque remarc\u00f3, \u201csiempre faltaron las construcciones municipales, no hab\u00eda un proyecto de gobierno; hoy existe desde que armamos este proyecto pol\u00edtico\u201d, y aclar\u00f3: \u201cNo armamos una lista para ingresar dos o tres concejales, venimos a disputar el poder municipal\u201d.<\/p>\n<p>Gelay agreg\u00f3 entusiasmado, \u201cgeneramos una m\u00edstica que no hab\u00eda hace muchos a\u00f1os, es el peronismo de la victoria, que nunca claudic\u00f3, que viene a derrotar al possismo\u201d. Adem\u00e1s, indic\u00f3 que el espacio tiene en cada localidad \u201cpropuestas concretas para elevar la calidad de vida de los vecinos\u201d.<\/p>\n<p>Consultado por la campa\u00f1a para las elecciones generales, el ex edil cont\u00f3 que ser\u00e1 de proximidad, \u201ccerca de la gente, interpelando a cada uno de los votantes. Entendemos que si a los 53 mil votos les sumamos m\u00e1s de 22 mil voluntades, ganamos el municipio\u201d.<\/p>\n<p>Y fue m\u00e1s all\u00e1: \u201cDigo siempre que Posse es como un lim\u00f3n exprimido, ya se le sac\u00f3 todo el jugo, no hay m\u00e1s, y lo que no hizo en 20 a\u00f1os no lo har\u00e1 en los pr\u00f3ximos cuatro\u201d.<\/p>\n","protected":false},"excerpt":{"rendered":"<p>Federico Gelay fue uno de los ganadores de las PASO. En las internas del Frente de Todos de San Isidro se impuso ante la boleta encabezada por la concejal Fernanda Mi\u00f1o. Su sociedad con la legisladora Teresa Garc\u00eda y varios gremios obtuvo el aval que lo dej\u00f3 en la cancha para el 27 de octubre. [&hellip;]<\/p>\n","protected":false},"author":1,"featured_media":13549,"comment_status":"closed","ping_status":"open","sticky":false,"template":"","format":"standard","meta":{"footnotes":""},"categories":[70,20,48,21],"tags":[],"class_list":{"0":"post-13548","1":"post","2":"type-post","3":"status-publish","4":"format-standard","5":"has-post-thumbnail","7":"category-las-mas-leidas","8":"category-municipios","9":"category-politica-argentina","10":"category-san-isidro"},"aioseo_notices":[],"_links":{"self":[{"href":"https:\/\/guiadenoticias.com.ar\/diario\/wp-json\/wp\/v2\/posts\/13548","targetHints":{"allow":["GET"]}}],"collection":[{"href":"https:\/\/guiadenoticias.com.ar\/diario\/wp-json\/wp\/v2\/posts"}],"about":[{"href":"https:\/\/guiadenoticias.com.ar\/diario\/wp-json\/wp\/v2\/types\/post"}],"author":[{"embeddable":true,"href":"https:\/\/guiadenoticias.com.ar\/diario\/wp-json\/wp\/v2\/users\/1"}],"replies":[{"embeddable":true,"href":"https:\/\/guiadenoticias.com.ar\/diario\/wp-json\/wp\/v2\/comments?post=13548"}],"version-history":[{"count":1,"href":"https:\/\/guiadenoticias.com.ar\/diario\/wp-json\/wp\/v2\/posts\/13548\/revisions"}],"predecessor-version":[{"id":13550,"href":"https:\/\/guiadenoticias.com.ar\/diario\/wp-json\/wp\/v2\/posts\/13548\/revisions\/13550"}],"wp:featuredmedia":[{"embeddable":true,"href":"https:\/\/guiadenoticias.com.ar\/diario\/wp-json\/wp\/v2\/media\/13549"}],"wp:attachment":[{"href":"https:\/\/guiadenoticias.com.ar\/diario\/wp-json\/wp\/v2\/media?parent=13548"}],"wp:term":[{"taxonomy":"category","embeddable":true,"href":"https:\/\/guiadenoticias.com.ar\/diario\/wp-json\/wp\/v2\/categories?post=13548"},{"taxonomy":"post_tag","embeddable":true,"href":"https:\/\/guiadenoticias.com.ar\/diario\/wp-json\/wp\/v2\/tags?post=13548"}],"curies":[{"name":"wp","href":"https:\/\/api.w.org\/{rel}","templated":true}]}}