{"id":13591,"date":"2019-08-27T21:15:49","date_gmt":"2019-08-28T00:15:49","guid":{"rendered":"https:\/\/guiadenoticias.com.ar\/diario\/?p=13591"},"modified":"2019-08-27T21:16:23","modified_gmt":"2019-08-28T00:16:23","slug":"conformaron-una-mesa-de-dialogo-social-en-san-martin","status":"publish","type":"post","link":"https:\/\/guiadenoticias.com.ar\/diario\/conformaron-una-mesa-de-dialogo-social-en-san-martin\/","title":{"rendered":"Conformaron una Mesa de Di\u00e1logo Social en San Mart\u00edn"},"content":{"rendered":"<p>Despu\u00e9s de la convocatoria en junio a representantes sociales, econ\u00f3micos, religiosos y educativos de San Mart\u00edn, conformaron una Mesa de Di\u00e1logo Social. En una reuni\u00f3n en el municipio estuvieron el intendente Gabriel Katopodis, los diputados nacionales Daniel Arroyo y Leonardo Grosso; el rector de la UNSAM, Carlos Greco; el presidente de la C\u00e1mara Empresaria Sanmartinense (CES), Jorge Benedetti; el presidente del Concejo Deliberante, Diego Perrella; el secretario de Producci\u00f3n y Desarrollo Econ\u00f3mico, Alejandro Tsolis; y el coordinador de la mesa, Alfredo Buglioni; entre otros referentes.<\/p>\n<p>Al respecto, el jefe comunal se\u00f1al\u00f3: \u201cConformamos una Mesa de Di\u00e1logo Social para afrontar los peores cuatro meses de los \u00faltimos cuatro a\u00f1os, que hoy est\u00e1 abocada a la crisis social que golpea a cientos de familias vulnerables\u201d.<\/p>\n<p>Y agreg\u00f3: \u201cEl Estado municipal tom\u00f3 la decisi\u00f3n de redoblar todos los esfuerzos, garantizar el derecho alimentario fortaleciendo el servicio en comedores y merenderos, y la atenci\u00f3n sanitaria en cada rinc\u00f3n de la ciudad. Vamos a trabajar por una sociedad m\u00e1s igualitaria\u201d.<\/p>\n<p>Este \u00e1mbito de reflexi\u00f3n, debate y consenso se propone generar estrategias para afrontar la emergencia alimentaria, fortalecer las partidas y los programas de cuidado de los sectores m\u00e1s vulnerables de la sociedad, como el materno-infantil y los adultos mayores. Asimismo tiene como objetivo avanzar en pol\u00edticas educativas, inclusivas, de protecci\u00f3n del empleo y de impulso de las Pymes.<\/p>\n<p>La Mesa del Di\u00e1logo Social est\u00e1 conformada por la Municipalidad de San Mart\u00edn; la Iglesia Cat\u00f3lica; la Pastoral Social; Iglesias Evang\u00e9licas; Universidad Nacional de San Mart\u00edn; C\u00e1mara Econ\u00f3mica Sanmartinense; Confederaci\u00f3n General del Trabajo; Central de Trabajadores de la Argentina; Central de Trabajadores de la Argentina Aut\u00f3noma (CTA Aut\u00f3noma); Foro de Profesionales de la Zona Norte; movimientos sociales; organizaciones sociales; Mesa de Empresas Recuperadas; Consejo de la Econom\u00eda Popular; Concejo Deliberante; Consejo Escolar de San Mart\u00edn; legisladores nacionales y provinciales.<\/p>\n","protected":false},"excerpt":{"rendered":"<p>Despu\u00e9s de la convocatoria en junio a representantes sociales, econ\u00f3micos, religiosos y educativos de San Mart\u00edn, conformaron una Mesa de Di\u00e1logo Social. En una reuni\u00f3n en el municipio estuvieron el intendente Gabriel Katopodis, los diputados nacionales Daniel Arroyo y Leonardo Grosso; el rector de la UNSAM, Carlos Greco; el presidente de la C\u00e1mara Empresaria Sanmartinense [&hellip;]<\/p>\n","protected":false},"author":1,"featured_media":13592,"comment_status":"closed","ping_status":"open","sticky":false,"template":"","format":"standard","meta":{"footnotes":""},"categories":[49,20,48,24],"tags":[],"class_list":{"0":"post-13591","1":"post","2":"type-post","3":"status-publish","4":"format-standard","5":"has-post-thumbnail","7":"category-economia-y-gremiales","8":"category-municipios","9":"category-politica-argentina","10":"category-san-martin"},"aioseo_notices":[],"_links":{"self":[{"href":"https:\/\/guiadenoticias.com.ar\/diario\/wp-json\/wp\/v2\/posts\/13591","targetHints":{"allow":["GET"]}}],"collection":[{"href":"https:\/\/guiadenoticias.com.ar\/diario\/wp-json\/wp\/v2\/posts"}],"about":[{"href":"https:\/\/guiadenoticias.com.ar\/diario\/wp-json\/wp\/v2\/types\/post"}],"author":[{"embeddable":true,"href":"https:\/\/guiadenoticias.com.ar\/diario\/wp-json\/wp\/v2\/users\/1"}],"replies":[{"embeddable":true,"href":"https:\/\/guiadenoticias.com.ar\/diario\/wp-json\/wp\/v2\/comments?post=13591"}],"version-history":[{"count":1,"href":"https:\/\/guiadenoticias.com.ar\/diario\/wp-json\/wp\/v2\/posts\/13591\/revisions"}],"predecessor-version":[{"id":13593,"href":"https:\/\/guiadenoticias.com.ar\/diario\/wp-json\/wp\/v2\/posts\/13591\/revisions\/13593"}],"wp:featuredmedia":[{"embeddable":true,"href":"https:\/\/guiadenoticias.com.ar\/diario\/wp-json\/wp\/v2\/media\/13592"}],"wp:attachment":[{"href":"https:\/\/guiadenoticias.com.ar\/diario\/wp-json\/wp\/v2\/media?parent=13591"}],"wp:term":[{"taxonomy":"category","embeddable":true,"href":"https:\/\/guiadenoticias.com.ar\/diario\/wp-json\/wp\/v2\/categories?post=13591"},{"taxonomy":"post_tag","embeddable":true,"href":"https:\/\/guiadenoticias.com.ar\/diario\/wp-json\/wp\/v2\/tags?post=13591"}],"curies":[{"name":"wp","href":"https:\/\/api.w.org\/{rel}","templated":true}]}}