{"id":13594,"date":"2019-08-27T21:32:44","date_gmt":"2019-08-28T00:32:44","guid":{"rendered":"https:\/\/guiadenoticias.com.ar\/diario\/?p=13594"},"modified":"2019-08-27T21:33:11","modified_gmt":"2019-08-28T00:33:11","slug":"el-municipio-reduce-tasas-para-comerciantes-locales","status":"publish","type":"post","link":"https:\/\/guiadenoticias.com.ar\/diario\/el-municipio-reduce-tasas-para-comerciantes-locales\/","title":{"rendered":"El municipio reduce tasas para comerciantes locales"},"content":{"rendered":"<p>Con el objetivo de colaborar con los peque\u00f1os comerciantes locales y fomentar la econom\u00eda de la zona, el municipio de San Isidro redujo el monto m\u00ednimo de la Tasa de Comercio.<\/p>\n<p>De esta manera, los beneficiarios, que constituyen el 81 por ciento del total de quienes aportan a la Tasa de Comercio, tendr\u00e1n una reducci\u00f3n de hasta el 30% del m\u00ednimo de julio a diciembre.<\/p>\n<p>\u201cEsta es una medida de emergencia, que condice con la realidad, con la que buscamos preservar la econom\u00eda y los puestos de trabajo\u201d, expres\u00f3 el intendente Gustavo Posse.<\/p>\n<p>Reducci\u00f3n seg\u00fan la base de ingresos bimestrales declarados en t\u00e9rmino. Los comerciantes:<\/p>\n<ul>\n<li>con ingresos bimestrales sean menores o iguales a 300.000 pesos percibir\u00e1n una reducci\u00f3n del 30%.<\/li>\n<li>con ingresos bimestrales mayores a 300.000 y menores o iguales a 1.200.000 obtendr\u00e1n una reducci\u00f3n de un 20%.<\/li>\n<li>con ingresos bimestrales mayores a 1.200.000 y menores o iguales a 1.800.000, obtendr\u00e1n una reducci\u00f3n de un 10%.<\/li>\n<\/ul>\n<p>La reducci\u00f3n del monto m\u00ednimo se da de forma autom\u00e1tica para los comerciantes que presenten la correspondiente Declaraci\u00f3n Jurada de Ingresos en t\u00e9rmino.<\/p>\n","protected":false},"excerpt":{"rendered":"<p>Con el objetivo de colaborar con los peque\u00f1os comerciantes locales y fomentar la econom\u00eda de la zona, el municipio de San Isidro redujo el monto m\u00ednimo de la Tasa de Comercio. De esta manera, los beneficiarios, que constituyen el 81 por ciento del total de quienes aportan a la Tasa de Comercio, tendr\u00e1n una reducci\u00f3n [&hellip;]<\/p>\n","protected":false},"author":1,"featured_media":13595,"comment_status":"closed","ping_status":"open","sticky":false,"template":"","format":"standard","meta":{"footnotes":""},"categories":[49,20,21],"tags":[],"class_list":{"0":"post-13594","1":"post","2":"type-post","3":"status-publish","4":"format-standard","5":"has-post-thumbnail","7":"category-economia-y-gremiales","8":"category-municipios","9":"category-san-isidro"},"aioseo_notices":[],"_links":{"self":[{"href":"https:\/\/guiadenoticias.com.ar\/diario\/wp-json\/wp\/v2\/posts\/13594","targetHints":{"allow":["GET"]}}],"collection":[{"href":"https:\/\/guiadenoticias.com.ar\/diario\/wp-json\/wp\/v2\/posts"}],"about":[{"href":"https:\/\/guiadenoticias.com.ar\/diario\/wp-json\/wp\/v2\/types\/post"}],"author":[{"embeddable":true,"href":"https:\/\/guiadenoticias.com.ar\/diario\/wp-json\/wp\/v2\/users\/1"}],"replies":[{"embeddable":true,"href":"https:\/\/guiadenoticias.com.ar\/diario\/wp-json\/wp\/v2\/comments?post=13594"}],"version-history":[{"count":1,"href":"https:\/\/guiadenoticias.com.ar\/diario\/wp-json\/wp\/v2\/posts\/13594\/revisions"}],"predecessor-version":[{"id":13596,"href":"https:\/\/guiadenoticias.com.ar\/diario\/wp-json\/wp\/v2\/posts\/13594\/revisions\/13596"}],"wp:featuredmedia":[{"embeddable":true,"href":"https:\/\/guiadenoticias.com.ar\/diario\/wp-json\/wp\/v2\/media\/13595"}],"wp:attachment":[{"href":"https:\/\/guiadenoticias.com.ar\/diario\/wp-json\/wp\/v2\/media?parent=13594"}],"wp:term":[{"taxonomy":"category","embeddable":true,"href":"https:\/\/guiadenoticias.com.ar\/diario\/wp-json\/wp\/v2\/categories?post=13594"},{"taxonomy":"post_tag","embeddable":true,"href":"https:\/\/guiadenoticias.com.ar\/diario\/wp-json\/wp\/v2\/tags?post=13594"}],"curies":[{"name":"wp","href":"https:\/\/api.w.org\/{rel}","templated":true}]}}