{"id":13682,"date":"2019-09-04T01:46:53","date_gmt":"2019-09-04T04:46:53","guid":{"rendered":"https:\/\/guiadenoticias.com.ar\/diario\/?p=13682"},"modified":"2019-09-04T01:46:53","modified_gmt":"2019-09-04T04:46:53","slug":"intendentes-le-reclaman-a-vidal-que-declare-la-emergencia-alimentaria","status":"publish","type":"post","link":"https:\/\/guiadenoticias.com.ar\/diario\/intendentes-le-reclaman-a-vidal-que-declare-la-emergencia-alimentaria\/","title":{"rendered":"Intendentes le reclaman a Vidal que declare la emergencia alimentaria"},"content":{"rendered":"<p>Intendentes de la provincia de Buenos Aires, encabezados por Ver\u00f3nica Magario, le pidieron\u00a0a la gobernadora bonaerense,\u00a0Mar\u00eda Eugenia Vidal,\u00a0que declare la emergencia alimentaria y mande partidas de comida extra a los municipios.\u00a0En una carta\u00a0que le dejaron\u00a0en la Casa de la Provincia,\u00a0los jefes comunales enrolados en la oposici\u00f3n argumentaron la petici\u00f3n en\u00a0\u00abla angustiosa situaci\u00f3n que vive nuestro\u00a0pueblo y que se viene profundizando mes a mes, a partir de la crisis econ\u00f3mica y social que atraviesa el pa\u00eds y que tiene implicancias dur\u00edsimas en la provincia de Buenos Aires\u00bb.<\/p>\n<p>\u00abEsta realidad que golpea a los habitantes de la Provincia y, en forma acuciante, a los sectores m\u00e1s vulnerables del Conurbano, se refleja de manera contundente en los siguientes datos que fueron publicaros por diversos organismos oficiales e instituciones acad\u00e9micas de prestigio\u00bb, explicaron, y agregaron en la carta esta informaci\u00f3n: seg\u00fan el INDEC, la pobreza afecta al 46,8% de los menores de 14 a\u00f1os y el 14,5% de los chicos pasaron hambre en el \u00faltimo a\u00f1o. Adem\u00e1s, un nuevo informe de la Universidad Cat\u00f3lica Argentina (UCA) sostiene que cuatro de cada diez ni\u00f1os, ni\u00f1as y adolescentes bonaerenses se alimentan en comedores comunitarios.<\/p>\n<p>Los jefes comunales sostuvieron que la inversi\u00f3n real del Estado es un 20 % menor desde 2015. \u00abEstos datos que ya de por s\u00ed son alarmantes, no contemplan la suba indiscriminada de precios en alimentos de las \u00faltimas semanas. Por este motivo, creemos necesario que se aumente significativamente la cantidad de alimentos para familias y comedores, adem\u00e1s, aumentar los cupos para comedores escolares. Conjuntamente, resulta fundamental, desarrollar una apertura de comedores escolares en colegios secundarios y de formaci\u00f3n de adultos\u00bb.<\/p>\n<p>Tambi\u00e9n, le solicitaron a la gobernadora que \u00abinstruya a la Agencia de Recaudaci\u00f3n de la Provincia (ARBA) para que considere la situaci\u00f3n cr\u00edtica en la que se encuentran los peque\u00f1os comerciantes -y en especial lo de los barrios m\u00e1s humildes &#8211; para que encuentre los mecanismos administrativos y legales que posibiliten flexibilizar las obligaciones tributarias que recaen sobre ese sector\u00bb.<\/p>\n<p>Leonardo Nardini, intendente de Malvinas Argentinas, asegur\u00f3 en declaraciones a la prensa: \u00abEsto es un petitorio formal para charlar y expresar las dificultades y preocupaciones\u00a0que tenemos los intendentes en su conjunto, para darle soluci\u00f3n a los problemas que tienen en la vida cotidiana los argentinos\u00bb.<\/p>\n<p>De este modo, los intendentes se suman al pedido realizado por la\u00a0Iglesia que solicit\u00f3 al Gobierno que declare la \u00abemergencia alimentaria\u00a0en forma urgente\u00bb.<\/p>\n","protected":false},"excerpt":{"rendered":"<p>Intendentes de la provincia de Buenos Aires, encabezados por Ver\u00f3nica Magario, le pidieron\u00a0a la gobernadora bonaerense,\u00a0Mar\u00eda Eugenia Vidal,\u00a0que declare la emergencia alimentaria y mande partidas de comida extra a los municipios.\u00a0En una carta\u00a0que le dejaron\u00a0en la Casa de la Provincia,\u00a0los jefes comunales enrolados en la oposici\u00f3n argumentaron la petici\u00f3n en\u00a0\u00abla angustiosa situaci\u00f3n que vive nuestro\u00a0pueblo [&hellip;]<\/p>\n","protected":false},"author":1,"featured_media":13683,"comment_status":"closed","ping_status":"open","sticky":false,"template":"","format":"standard","meta":{"footnotes":""},"categories":[49,20,48,31],"tags":[],"class_list":{"0":"post-13682","1":"post","2":"type-post","3":"status-publish","4":"format-standard","5":"has-post-thumbnail","7":"category-economia-y-gremiales","8":"category-municipios","9":"category-politica-argentina","10":"category-provincia"},"aioseo_notices":[],"_links":{"self":[{"href":"https:\/\/guiadenoticias.com.ar\/diario\/wp-json\/wp\/v2\/posts\/13682","targetHints":{"allow":["GET"]}}],"collection":[{"href":"https:\/\/guiadenoticias.com.ar\/diario\/wp-json\/wp\/v2\/posts"}],"about":[{"href":"https:\/\/guiadenoticias.com.ar\/diario\/wp-json\/wp\/v2\/types\/post"}],"author":[{"embeddable":true,"href":"https:\/\/guiadenoticias.com.ar\/diario\/wp-json\/wp\/v2\/users\/1"}],"replies":[{"embeddable":true,"href":"https:\/\/guiadenoticias.com.ar\/diario\/wp-json\/wp\/v2\/comments?post=13682"}],"version-history":[{"count":1,"href":"https:\/\/guiadenoticias.com.ar\/diario\/wp-json\/wp\/v2\/posts\/13682\/revisions"}],"predecessor-version":[{"id":13684,"href":"https:\/\/guiadenoticias.com.ar\/diario\/wp-json\/wp\/v2\/posts\/13682\/revisions\/13684"}],"wp:featuredmedia":[{"embeddable":true,"href":"https:\/\/guiadenoticias.com.ar\/diario\/wp-json\/wp\/v2\/media\/13683"}],"wp:attachment":[{"href":"https:\/\/guiadenoticias.com.ar\/diario\/wp-json\/wp\/v2\/media?parent=13682"}],"wp:term":[{"taxonomy":"category","embeddable":true,"href":"https:\/\/guiadenoticias.com.ar\/diario\/wp-json\/wp\/v2\/categories?post=13682"},{"taxonomy":"post_tag","embeddable":true,"href":"https:\/\/guiadenoticias.com.ar\/diario\/wp-json\/wp\/v2\/tags?post=13682"}],"curies":[{"name":"wp","href":"https:\/\/api.w.org\/{rel}","templated":true}]}}