{"id":13722,"date":"2019-09-13T15:07:14","date_gmt":"2019-09-13T18:07:14","guid":{"rendered":"https:\/\/guiadenoticias.com.ar\/diario\/?p=13722"},"modified":"2019-09-13T15:07:14","modified_gmt":"2019-09-13T18:07:14","slug":"emergencia-alimentaria-fue-aprobada-en-diputados-y-paso-al-senado","status":"publish","type":"post","link":"https:\/\/guiadenoticias.com.ar\/diario\/emergencia-alimentaria-fue-aprobada-en-diputados-y-paso-al-senado\/","title":{"rendered":"Emergencia alimentaria fue aprobada en Diputados y pas\u00f3 al Senado"},"content":{"rendered":"<p>Por unanimidad, la Emergencia Alimentaria obtuvo el jueves media sanci\u00f3n en Diputados tras un debate acelerado. El proyecto ser\u00eda tratado el mi\u00e9rcoles que viene en el Senado, donde ese d\u00eda podr\u00eda convertirse en ley. El texto fija la pr\u00f3rroga de la emergencia hasta 2022 y un incremento de 50 % de las partidas destinadas a programas espec\u00edficos.<\/p>\n<p>Con 222 votos positivos y ninguno negativo la iniciativa tuvo luz verde. La \u00fanica abstenci\u00f3n fue la de la diputada de izquierda M\u00f3nica Schlotthauer, que calific\u00f3 a la sesi\u00f3n como un \u00abcirco electoral\u00bb y consider\u00f3 que el proyecto \u00abno resuelve nada\u00bb.<\/p>\n<p>Ahora es el turno del Senado. Si bien en la C\u00e1mara baja la iniciativa fue impulsada por la oposici\u00f3n peronista, en el Senado el oficialismo se apur\u00f3 y fue el que pidi\u00f3 que la convocatoria de la sesi\u00f3n especial sea para el pr\u00f3ximo mi\u00e9rcoles.<\/p>\n<p>En Diputados la emergencia se trat\u00f3 casi sin discusi\u00f3n. A pesar de que algunos legisladores, como Marco Lavagna de Consenso Federal y el diputado justicialista Juan Jos\u00e9 Bahillo, sugirieron agregar art\u00edculos, el texto sali\u00f3 igual a como figuraba en el proyecto consensuado por los distintos bloques opositores, en conjunto con los movimientos sociales.<\/p>\n<p>S\u00f3lo se modific\u00f3 la escritura del art\u00edculo 4 &#8211; el m\u00e1s importante &#8211; para aclarar que el aumento del 50 % de las partidas se har\u00e1 sobre \u00ablos cr\u00e9ditos presupuestarios vigentes del corriente a\u00f1o\u00bb y no sobre las partidas no ejecutadas. As\u00ed, de acuerdo a la Oficina de Presupuesto del Congreso (OPC), el costo fiscal de la medida ser\u00eda de 10 mil millones de pesos, aunque en el ministerio de Hacienda la cuenta les da poco m\u00e1s de 8 mil millones. Si lo hac\u00edan sobre las partidas no ejecutadas, en cambio, el monto se achicaba a 4 mil millones.<\/p>\n<p>Aunque se decidi\u00f3 por el costo m\u00e1s elevado, en el Gobierno aseguran que como se trata de una redistribuci\u00f3n de partidas no afecta el presupuesto ni las metas fiscales. No aclaran todav\u00eda, qu\u00e9 partidas achicar\u00e1n para reforzar las destinadas a programas de alimentaci\u00f3n.<\/p>\n<p>\u200bLa sesi\u00f3n especial, pedida por la oposici\u00f3n, cont\u00f3 con el acompa\u00f1amiento del oficialismo desde el inicio. En l\u00ednea con la directiva del presidente Mauricio Macri, los legisladores de Cambiemos dieron qu\u00f3rum para habilitar la discusi\u00f3n y votaron a favor de la emergencia. Sin ellos, la oposici\u00f3n no hubiese alcanzado los dos tercios que necesitaba para lograr la media sanci\u00f3n.<\/p>\n<p>Si bien hubo cr\u00edticas al Gobierno, no se generaron cruces ni discusiones. No fue casual. La paz hab\u00eda sido sellada el d\u00eda anterior en una reuni\u00f3n que el presidente de la C\u00e1mara, Emilio Monz\u00f3, mantuvo con el jefe de la bancada kirchnerista, Agust\u00edn Rossi, y de Cambiemos, Mario Negri.<\/p>\n<p>Ninguno de ellos ten\u00eda en mente una sesi\u00f3n en plena campa\u00f1a electoral y pretend\u00edan evitarla, pero la presi\u00f3n de los movimientos sociales en las calles y los legisladores m\u00e1s cercanos a ellos terminaron forz\u00e1ndola. \u00a0Lo cierto es que aunque no estaba en la agenda pol\u00edtica, la emergencia alimentaria logr\u00f3 reabrir la C\u00e1mara de Diputados despu\u00e9s de m\u00e1s de dos meses sin sesionar.<\/p>\n<p>Hace dos a\u00f1os que los movimientos sociales la reclamaban, pero este a\u00f1o el primero en hablar del tema fue el candidato de Consenso Federal, Roberto Lavagna, y la movida creci\u00f3 cuando la pidi\u00f3 tambi\u00e9n la Comisi\u00f3n Episcopal de la Pastoral Social, la CGT y los intendentes peronistas de Buenos Aires.<\/p>\n","protected":false},"excerpt":{"rendered":"<p>Por unanimidad, la Emergencia Alimentaria obtuvo el jueves media sanci\u00f3n en Diputados tras un debate acelerado. El proyecto ser\u00eda tratado el mi\u00e9rcoles que viene en el Senado, donde ese d\u00eda podr\u00eda convertirse en ley. El texto fija la pr\u00f3rroga de la emergencia hasta 2022 y un incremento de 50 % de las partidas destinadas a [&hellip;]<\/p>\n","protected":false},"author":1,"featured_media":13723,"comment_status":"closed","ping_status":"open","sticky":false,"template":"","format":"standard","meta":{"footnotes":""},"categories":[49,30,48],"tags":[],"class_list":{"0":"post-13722","1":"post","2":"type-post","3":"status-publish","4":"format-standard","5":"has-post-thumbnail","7":"category-economia-y-gremiales","8":"category-nacion","9":"category-politica-argentina"},"aioseo_notices":[],"_links":{"self":[{"href":"https:\/\/guiadenoticias.com.ar\/diario\/wp-json\/wp\/v2\/posts\/13722","targetHints":{"allow":["GET"]}}],"collection":[{"href":"https:\/\/guiadenoticias.com.ar\/diario\/wp-json\/wp\/v2\/posts"}],"about":[{"href":"https:\/\/guiadenoticias.com.ar\/diario\/wp-json\/wp\/v2\/types\/post"}],"author":[{"embeddable":true,"href":"https:\/\/guiadenoticias.com.ar\/diario\/wp-json\/wp\/v2\/users\/1"}],"replies":[{"embeddable":true,"href":"https:\/\/guiadenoticias.com.ar\/diario\/wp-json\/wp\/v2\/comments?post=13722"}],"version-history":[{"count":1,"href":"https:\/\/guiadenoticias.com.ar\/diario\/wp-json\/wp\/v2\/posts\/13722\/revisions"}],"predecessor-version":[{"id":13724,"href":"https:\/\/guiadenoticias.com.ar\/diario\/wp-json\/wp\/v2\/posts\/13722\/revisions\/13724"}],"wp:featuredmedia":[{"embeddable":true,"href":"https:\/\/guiadenoticias.com.ar\/diario\/wp-json\/wp\/v2\/media\/13723"}],"wp:attachment":[{"href":"https:\/\/guiadenoticias.com.ar\/diario\/wp-json\/wp\/v2\/media?parent=13722"}],"wp:term":[{"taxonomy":"category","embeddable":true,"href":"https:\/\/guiadenoticias.com.ar\/diario\/wp-json\/wp\/v2\/categories?post=13722"},{"taxonomy":"post_tag","embeddable":true,"href":"https:\/\/guiadenoticias.com.ar\/diario\/wp-json\/wp\/v2\/tags?post=13722"}],"curies":[{"name":"wp","href":"https:\/\/api.w.org\/{rel}","templated":true}]}}