{"id":13774,"date":"2019-09-20T19:25:21","date_gmt":"2019-09-20T22:25:21","guid":{"rendered":"https:\/\/guiadenoticias.com.ar\/diario\/?p=13774"},"modified":"2019-09-20T19:25:21","modified_gmt":"2019-09-20T22:25:21","slug":"vidal-en-san-isidro-fotos-de-gestion-y-de-campana","status":"publish","type":"post","link":"https:\/\/guiadenoticias.com.ar\/diario\/vidal-en-san-isidro-fotos-de-gestion-y-de-campana\/","title":{"rendered":"Vidal en San Isidro, fotos de gesti\u00f3n y de campa\u00f1a"},"content":{"rendered":"<p>La gobernadora bonaerense, Mar\u00eda Eugenia Vidal, visit\u00f3 San Isidro en una recorrida con el intendente Gustavo Posse. La tambi\u00e9n candidata de Juntos por el Cambio recorri\u00f3 las instalaciones del Hospital Materno Infantil, que el municipio construy\u00f3 en conjunto con Provincia. Luego camin\u00f3 la zona c\u00e9ntrica de la localidad.<\/p>\n<p>Vidal y Posse fueron a la nueva guardia, equipada con tecnolog\u00eda de \u00faltima generaci\u00f3n, shock room, sala de espera, cocina, consultorios y boxes de internaci\u00f3n.<\/p>\n<p>\u201cCuando la gente me dice no nos abandones, les digo \u2018yo eleg\u00ed quedarme ac\u00e1, no me voy a ir a ning\u00fan lado\u2019. Porque cuando digo que este es mi lugar, es mi lugar enserio, m\u00e1s all\u00e1 de una elecci\u00f3n. Y el 11 de diciembre puede ser que yo sea una mejor gobernadora, o una mejor dirigente\u201d, afirm\u00f3 la mandataria.<\/p>\n<p>Despu\u00e9s de su visita al hospital, caminaron por la calle Belgrano, centro comercial de San Isidro. All\u00ed hubo saludos, selfies y una parada en la hist\u00f3rica pancher\u00eda Coquito.<\/p>\n<p>La reuni\u00f3n con la militancia cerr\u00f3 el paso de la gobernadora por zona norte. En ese marco llam\u00f3 a seguir trabajando de cara a las pr\u00f3ximas elecciones: \u201cSi vamos con esa actitud, y con el compromiso que demostraron ustedes, si le mostramos a la Provincia que s\u00ed se puede, que San Isidro no es una isla, que la Provincia puede ser como San Isidro, con un buen intendente, con un trabajo en equipo como el que hicimos estos a\u00f1os, entonces cada uno de nosotros seguir\u00e1 ac\u00e1, demostrando que podemos\u201d.<\/p>\n<p>Y concluy\u00f3, \u201cnos dicen que no los abandonemos; fuerza, no aflojen, as\u00ed que vamos a pelearla, vamos a darla vuelta\u201d.<\/p>\n","protected":false},"excerpt":{"rendered":"<p>La gobernadora bonaerense, Mar\u00eda Eugenia Vidal, visit\u00f3 San Isidro en una recorrida con el intendente Gustavo Posse. La tambi\u00e9n candidata de Juntos por el Cambio recorri\u00f3 las instalaciones del Hospital Materno Infantil, que el municipio construy\u00f3 en conjunto con Provincia. Luego camin\u00f3 la zona c\u00e9ntrica de la localidad. Vidal y Posse fueron a la nueva [&hellip;]<\/p>\n","protected":false},"author":1,"featured_media":13775,"comment_status":"closed","ping_status":"open","sticky":false,"template":"","format":"standard","meta":{"footnotes":""},"categories":[20,48,31,21],"tags":[],"class_list":{"0":"post-13774","1":"post","2":"type-post","3":"status-publish","4":"format-standard","5":"has-post-thumbnail","7":"category-municipios","8":"category-politica-argentina","9":"category-provincia","10":"category-san-isidro"},"aioseo_notices":[],"_links":{"self":[{"href":"https:\/\/guiadenoticias.com.ar\/diario\/wp-json\/wp\/v2\/posts\/13774","targetHints":{"allow":["GET"]}}],"collection":[{"href":"https:\/\/guiadenoticias.com.ar\/diario\/wp-json\/wp\/v2\/posts"}],"about":[{"href":"https:\/\/guiadenoticias.com.ar\/diario\/wp-json\/wp\/v2\/types\/post"}],"author":[{"embeddable":true,"href":"https:\/\/guiadenoticias.com.ar\/diario\/wp-json\/wp\/v2\/users\/1"}],"replies":[{"embeddable":true,"href":"https:\/\/guiadenoticias.com.ar\/diario\/wp-json\/wp\/v2\/comments?post=13774"}],"version-history":[{"count":1,"href":"https:\/\/guiadenoticias.com.ar\/diario\/wp-json\/wp\/v2\/posts\/13774\/revisions"}],"predecessor-version":[{"id":13776,"href":"https:\/\/guiadenoticias.com.ar\/diario\/wp-json\/wp\/v2\/posts\/13774\/revisions\/13776"}],"wp:featuredmedia":[{"embeddable":true,"href":"https:\/\/guiadenoticias.com.ar\/diario\/wp-json\/wp\/v2\/media\/13775"}],"wp:attachment":[{"href":"https:\/\/guiadenoticias.com.ar\/diario\/wp-json\/wp\/v2\/media?parent=13774"}],"wp:term":[{"taxonomy":"category","embeddable":true,"href":"https:\/\/guiadenoticias.com.ar\/diario\/wp-json\/wp\/v2\/categories?post=13774"},{"taxonomy":"post_tag","embeddable":true,"href":"https:\/\/guiadenoticias.com.ar\/diario\/wp-json\/wp\/v2\/tags?post=13774"}],"curies":[{"name":"wp","href":"https:\/\/api.w.org\/{rel}","templated":true}]}}