{"id":13777,"date":"2019-09-20T20:07:49","date_gmt":"2019-09-20T23:07:49","guid":{"rendered":"https:\/\/guiadenoticias.com.ar\/diario\/?p=13777"},"modified":"2019-09-20T20:07:49","modified_gmt":"2019-09-20T23:07:49","slug":"nuevo-aumento-salarial-del-15-por-ciento-para-municipales-sf","status":"publish","type":"post","link":"https:\/\/guiadenoticias.com.ar\/diario\/nuevo-aumento-salarial-del-15-por-ciento-para-municipales-sf\/","title":{"rendered":"Nuevo aumento salarial del 15 por ciento para municipales SF"},"content":{"rendered":"<p>El municipio de San Fernando convoc\u00f3 a los cuatros gremios de empleados de la Comuna para sellar un acuerdo de aumento salarial que ser\u00e1 del 15% y regir\u00e1 desde el 1 de septiembre. De esta manera se eleva el salario b\u00e1sico m\u00ednimo por encima de los 19 mil pesos.<\/p>\n<p>Estuvieron presentes en la reuni\u00f3n el presidente del Concejo Deliberante, Santiago Aparicio; el secretario de Gobierno, Luis Freitas; el subsecretario de Privada y Coordinaci\u00f3n, Sebasti\u00e1n Ca\u00f1ellas, y los dirigentes sindicales Alejandro Ben\u00edtez (ASTMSF), Pamela Ortiz (ATE), Jos\u00e9 Navarreso (ASOE) y Carlos C\u00e1ceres (ATRAMS), quienes firmaron el acta documento.<\/p>\n<p>Tras el encuentro, Freitas sostuvo: \u201cLogramos el segundo aumento que da el Departamento Ejecutivo de un 15%, que sumado al de mayo es un acumulado de 35,25% para el sueldo de los trabajadores y trabajadoras municipales\u201d.<\/p>\n<p>Agreg\u00f3 que \u201ceste aumento va \u00edntegramente al salario, es totalmente remunerativo. Es un esfuerzo que hace el municipio a partir de cuidar cada peso, que los vecinos nos pagan con sus tasas. La racionalidad de los dirigentes gremiales de San Fernando es para destacar, porque es un momento de crisis econ\u00f3mica\u201d.<\/p>\n<p>Por su parte, C\u00e1ceres, de ATRAMS, afirm\u00f3: \u201cEs la primera reuni\u00f3n y con un aumento salarial que me parece perfecto, porque lo necesitan los trabajadores\u201d. Ben\u00edtez, de ASTMSF, consider\u00f3 que \u201ca ra\u00edz de todo el proceso inflacionario, este aumento es un alivio para el bolsillo del trabajador\u201d.<\/p>\n<p>A su vez, la secretaria de ATE San Fernando, Pamela Ort\u00edz, opin\u00f3 que \u201cel balance es positivo porque implica una mejora salarial para los trabajadores. Adem\u00e1s, valoramos el espacio que se abre donde podemos plantear y jerarquizar a los trabajadores municipales respecto condiciones de trabajo\u201d.<\/p>\n<p>Finalmente, Jos\u00e9 Navarreso, de ASOE, coincidi\u00f3. \u201cLa reuni\u00f3n fue muy positiva. Uno siempre espera algo para el compa\u00f1ero y en esta oportunidad es una buena noticia\u201d.<\/p>\n","protected":false},"excerpt":{"rendered":"<p>El municipio de San Fernando convoc\u00f3 a los cuatros gremios de empleados de la Comuna para sellar un acuerdo de aumento salarial que ser\u00e1 del 15% y regir\u00e1 desde el 1 de septiembre. De esta manera se eleva el salario b\u00e1sico m\u00ednimo por encima de los 19 mil pesos. Estuvieron presentes en la reuni\u00f3n el [&hellip;]<\/p>\n","protected":false},"author":1,"featured_media":13778,"comment_status":"closed","ping_status":"open","sticky":false,"template":"","format":"standard","meta":{"footnotes":""},"categories":[49,20,22],"tags":[],"class_list":{"0":"post-13777","1":"post","2":"type-post","3":"status-publish","4":"format-standard","5":"has-post-thumbnail","7":"category-economia-y-gremiales","8":"category-municipios","9":"category-san-fernando"},"aioseo_notices":[],"_links":{"self":[{"href":"https:\/\/guiadenoticias.com.ar\/diario\/wp-json\/wp\/v2\/posts\/13777","targetHints":{"allow":["GET"]}}],"collection":[{"href":"https:\/\/guiadenoticias.com.ar\/diario\/wp-json\/wp\/v2\/posts"}],"about":[{"href":"https:\/\/guiadenoticias.com.ar\/diario\/wp-json\/wp\/v2\/types\/post"}],"author":[{"embeddable":true,"href":"https:\/\/guiadenoticias.com.ar\/diario\/wp-json\/wp\/v2\/users\/1"}],"replies":[{"embeddable":true,"href":"https:\/\/guiadenoticias.com.ar\/diario\/wp-json\/wp\/v2\/comments?post=13777"}],"version-history":[{"count":1,"href":"https:\/\/guiadenoticias.com.ar\/diario\/wp-json\/wp\/v2\/posts\/13777\/revisions"}],"predecessor-version":[{"id":13779,"href":"https:\/\/guiadenoticias.com.ar\/diario\/wp-json\/wp\/v2\/posts\/13777\/revisions\/13779"}],"wp:featuredmedia":[{"embeddable":true,"href":"https:\/\/guiadenoticias.com.ar\/diario\/wp-json\/wp\/v2\/media\/13778"}],"wp:attachment":[{"href":"https:\/\/guiadenoticias.com.ar\/diario\/wp-json\/wp\/v2\/media?parent=13777"}],"wp:term":[{"taxonomy":"category","embeddable":true,"href":"https:\/\/guiadenoticias.com.ar\/diario\/wp-json\/wp\/v2\/categories?post=13777"},{"taxonomy":"post_tag","embeddable":true,"href":"https:\/\/guiadenoticias.com.ar\/diario\/wp-json\/wp\/v2\/tags?post=13777"}],"curies":[{"name":"wp","href":"https:\/\/api.w.org\/{rel}","templated":true}]}}