{"id":13797,"date":"2019-09-24T21:44:46","date_gmt":"2019-09-25T00:44:46","guid":{"rendered":"https:\/\/guiadenoticias.com.ar\/diario\/?p=13797"},"modified":"2019-09-24T21:44:46","modified_gmt":"2019-09-25T00:44:46","slug":"hilding-ohlsson-posse-fue-irresponsable-con-el-gasto","status":"publish","type":"post","link":"https:\/\/guiadenoticias.com.ar\/diario\/hilding-ohlsson-posse-fue-irresponsable-con-el-gasto\/","title":{"rendered":"Hilding Ohlsson: \u201cPosse fue irresponsable con el gasto\u201d"},"content":{"rendered":"<p>Luego del debate en el club Independiente de Beccar, el candidato a intendente por ConVocaci\u00f3n C\u00edvica Cambia San Isidro, Marcos Hilding Ohlsson, habl\u00f3 con Gu\u00eda de Noticias sobre su campa\u00f1a de cara a octubre y de la gesti\u00f3n de Gustavo Posse.<\/p>\n<p>\u201cNosotros hacemos una campa\u00f1a basada en propuestas. Dividimos San Isidro en diez zonas distintas para presentar proyectos concretos; por ejemplo, en Boulogne queremos hacer un segundo puerto libre como el que hay en el Parque Arenaza\u201d, plante\u00f3 quien, en caso de ganar este 27 de octubre, piensa establecer la oficina del intendente en esta localidad: \u201cConsidero que debe estar all\u00ed porque junto a Villa Adelina son las zonas m\u00e1s descuidadas\u201d.<\/p>\n<p>En relaci\u00f3n con la situaci\u00f3n actual del distrito y sobre la gesti\u00f3n possista, el ex concejal declar\u00f3: \u201cPosse fue muy irresponsable con el gasto. En una crisis como la que tenemos, que haya publicidad de San Isidro en la revista Caras es una falta de respeto para todos. Hay que saber elegir las prioridades y no hacer cosas superficiales. Siempre que se acerca la campa\u00f1a, Posse hace obras de \u00faltimo momento y eso no es prudente, porque despu\u00e9s no aumenta los impuestos simplemente porque gast\u00f3 de m\u00e1s\u201d.<\/p>\n<p>Adem\u00e1s, Hilding Ohlsson opin\u00f3 sobre la ausencia del intendente al debate organizado por diversas asambleas: \u201cEs una falta de respeto, pero no me extra\u00f1a porque nunca fue a un debate. A m\u00ed no me importa la pol\u00edtica que tiene cada uno, sino que vengamos a escuchar y debatir. Si uno est\u00e1 convencido de que tiene buenas ideas para el vecino, \u00bfpor qu\u00e9 no va a venir a exponerlas?\u201d.<\/p>\n","protected":false},"excerpt":{"rendered":"<p>Luego del debate en el club Independiente de Beccar, el candidato a intendente por ConVocaci\u00f3n C\u00edvica Cambia San Isidro, Marcos Hilding Ohlsson, habl\u00f3 con Gu\u00eda de Noticias sobre su campa\u00f1a de cara a octubre y de la gesti\u00f3n de Gustavo Posse. \u201cNosotros hacemos una campa\u00f1a basada en propuestas. Dividimos San Isidro en diez zonas distintas [&hellip;]<\/p>\n","protected":false},"author":1,"featured_media":13798,"comment_status":"closed","ping_status":"open","sticky":false,"template":"","format":"standard","meta":{"footnotes":""},"categories":[20,48,21],"tags":[],"class_list":{"0":"post-13797","1":"post","2":"type-post","3":"status-publish","4":"format-standard","5":"has-post-thumbnail","7":"category-municipios","8":"category-politica-argentina","9":"category-san-isidro"},"aioseo_notices":[],"_links":{"self":[{"href":"https:\/\/guiadenoticias.com.ar\/diario\/wp-json\/wp\/v2\/posts\/13797","targetHints":{"allow":["GET"]}}],"collection":[{"href":"https:\/\/guiadenoticias.com.ar\/diario\/wp-json\/wp\/v2\/posts"}],"about":[{"href":"https:\/\/guiadenoticias.com.ar\/diario\/wp-json\/wp\/v2\/types\/post"}],"author":[{"embeddable":true,"href":"https:\/\/guiadenoticias.com.ar\/diario\/wp-json\/wp\/v2\/users\/1"}],"replies":[{"embeddable":true,"href":"https:\/\/guiadenoticias.com.ar\/diario\/wp-json\/wp\/v2\/comments?post=13797"}],"version-history":[{"count":1,"href":"https:\/\/guiadenoticias.com.ar\/diario\/wp-json\/wp\/v2\/posts\/13797\/revisions"}],"predecessor-version":[{"id":13799,"href":"https:\/\/guiadenoticias.com.ar\/diario\/wp-json\/wp\/v2\/posts\/13797\/revisions\/13799"}],"wp:featuredmedia":[{"embeddable":true,"href":"https:\/\/guiadenoticias.com.ar\/diario\/wp-json\/wp\/v2\/media\/13798"}],"wp:attachment":[{"href":"https:\/\/guiadenoticias.com.ar\/diario\/wp-json\/wp\/v2\/media?parent=13797"}],"wp:term":[{"taxonomy":"category","embeddable":true,"href":"https:\/\/guiadenoticias.com.ar\/diario\/wp-json\/wp\/v2\/categories?post=13797"},{"taxonomy":"post_tag","embeddable":true,"href":"https:\/\/guiadenoticias.com.ar\/diario\/wp-json\/wp\/v2\/tags?post=13797"}],"curies":[{"name":"wp","href":"https:\/\/api.w.org\/{rel}","templated":true}]}}