{"id":13826,"date":"2019-09-28T22:19:06","date_gmt":"2019-09-29T01:19:06","guid":{"rendered":"https:\/\/guiadenoticias.com.ar\/diario\/?p=13826"},"modified":"2019-10-13T22:57:11","modified_gmt":"2019-10-14T01:57:11","slug":"de-mendiguren-de-la-crisis-se-sale-aliado-con-sectores-productivos","status":"publish","type":"post","link":"https:\/\/guiadenoticias.com.ar\/diario\/de-mendiguren-de-la-crisis-se-sale-aliado-con-sectores-productivos\/","title":{"rendered":"De Mendiguren: \u201cDe la crisis se sale aliado con sectores productivos\u201d"},"content":{"rendered":"<p>El diputado Jos\u00e9 Ignacio de Mendiguren acompa\u00f1\u00f3 la comitiva encabezada por Sergio Massa y Juan Debandi que visit\u00f3 la empresa Emeth, en Ciudadela. En un marco de campa\u00f1a electoral, Gu\u00eda de Noticias dialog\u00f3 con uno de los hombres que suena como posible ministro de un eventual gobierno de los Fern\u00e1ndez.<\/p>\n<p>A poco de conocer el \u00edndice de pobreza mencion\u00f3 que \u201ccuando se produjo la \u00faltima devaluaci\u00f3n, esto iba a tener un fuerte impacto en alimentos, en medicamentos, y por ende en el \u00edndice de pobreza\u201d, y destac\u00f3, \u201cnos preocupa la pobreza estructural, que no est\u00e1 dirigida solamente a esta \u00faltima inflaci\u00f3n\u201d.<\/p>\n<p>\u201cArgentina, cada devaluaci\u00f3n que produce sin un plan econ\u00f3mico, deja una franja incre\u00edble de argentinos en la pobreza e indigencia\u201d, puntualiz\u00f3 el ex presidente de la UIA, y distingui\u00f3, \u201chay gente que puede comprar d\u00f3lares o tiene una casa que le protege su patrimonio, pero los sectores m\u00e1s necesitados, que no tienen esas posibilidades, quedan sumergidos si no hay un cambio estructural\u201d.<\/p>\n<p>De todos modos, en una situaci\u00f3n como la actual, un gobierno debe tomar tambi\u00e9n medidas de emergencia: \u201cFui el primer ministro de Producci\u00f3n del pa\u00eds, ministerio que tuvo que ver con la salida de la crisis de 2001. En aquel momento hubo una decisi\u00f3n pol\u00edtica que de la crisis se sal\u00eda aliado con los sectores productivos. Ya en 2002, Argentina gener\u00f3 16, 5 mil millones de d\u00f3lares de super\u00e1vit comercial\u201d, dijo, y record\u00f3 que \u00a0\u201cAlberto Fern\u00e1ndez anunci\u00f3 esto, una alianza con los sectores productivos\u201d.<\/p>\n<p>En cambio, de Mendiguren destac\u00f3: \u201cEste gobierno cuando asumi\u00f3 decidi\u00f3 una alianza con la especulaci\u00f3n financiera. Ah\u00ed est\u00e1 la claridad de la diferencia. Ese fue el socio que eligi\u00f3 Macri para salir de la crisis\u201d.<\/p>\n<p>Adem\u00e1s, estim\u00f3 que \u201clas Leliq tienen soluci\u00f3n. Para pagar una \u00a0deuda hace falta que un pa\u00eds genere posibilidades de pago; primero hay que priorizar el arranque, cuando se arranque y con un plan de desarrollo que duplique las exportaciones, los acreedores podr\u00e1n cobrar\u201d.<\/p>\n","protected":false},"excerpt":{"rendered":"<p>El diputado Jos\u00e9 Ignacio de Mendiguren acompa\u00f1\u00f3 la comitiva encabezada por Sergio Massa y Juan Debandi que visit\u00f3 la empresa Emeth, en Ciudadela. En un marco de campa\u00f1a electoral, Gu\u00eda de Noticias dialog\u00f3 con uno de los hombres que suena como posible ministro de un eventual gobierno de los Fern\u00e1ndez. A poco de conocer el [&hellip;]<\/p>\n","protected":false},"author":1,"featured_media":13827,"comment_status":"closed","ping_status":"open","sticky":false,"template":"","format":"standard","meta":{"footnotes":""},"categories":[49,70,20,30,48,26],"tags":[],"class_list":{"0":"post-13826","1":"post","2":"type-post","3":"status-publish","4":"format-standard","5":"has-post-thumbnail","7":"category-economia-y-gremiales","8":"category-las-mas-leidas","9":"category-municipios","10":"category-nacion","11":"category-politica-argentina","12":"category-tres-de-febrero"},"aioseo_notices":[],"_links":{"self":[{"href":"https:\/\/guiadenoticias.com.ar\/diario\/wp-json\/wp\/v2\/posts\/13826","targetHints":{"allow":["GET"]}}],"collection":[{"href":"https:\/\/guiadenoticias.com.ar\/diario\/wp-json\/wp\/v2\/posts"}],"about":[{"href":"https:\/\/guiadenoticias.com.ar\/diario\/wp-json\/wp\/v2\/types\/post"}],"author":[{"embeddable":true,"href":"https:\/\/guiadenoticias.com.ar\/diario\/wp-json\/wp\/v2\/users\/1"}],"replies":[{"embeddable":true,"href":"https:\/\/guiadenoticias.com.ar\/diario\/wp-json\/wp\/v2\/comments?post=13826"}],"version-history":[{"count":2,"href":"https:\/\/guiadenoticias.com.ar\/diario\/wp-json\/wp\/v2\/posts\/13826\/revisions"}],"predecessor-version":[{"id":13829,"href":"https:\/\/guiadenoticias.com.ar\/diario\/wp-json\/wp\/v2\/posts\/13826\/revisions\/13829"}],"wp:featuredmedia":[{"embeddable":true,"href":"https:\/\/guiadenoticias.com.ar\/diario\/wp-json\/wp\/v2\/media\/13827"}],"wp:attachment":[{"href":"https:\/\/guiadenoticias.com.ar\/diario\/wp-json\/wp\/v2\/media?parent=13826"}],"wp:term":[{"taxonomy":"category","embeddable":true,"href":"https:\/\/guiadenoticias.com.ar\/diario\/wp-json\/wp\/v2\/categories?post=13826"},{"taxonomy":"post_tag","embeddable":true,"href":"https:\/\/guiadenoticias.com.ar\/diario\/wp-json\/wp\/v2\/tags?post=13826"}],"curies":[{"name":"wp","href":"https:\/\/api.w.org\/{rel}","templated":true}]}}