{"id":13862,"date":"2019-10-06T22:51:52","date_gmt":"2019-10-07T01:51:52","guid":{"rendered":"https:\/\/guiadenoticias.com.ar\/diario\/?p=13862"},"modified":"2019-10-06T22:51:52","modified_gmt":"2019-10-07T01:51:52","slug":"valenzuela-anuncio-la-creacion-de-la-secretaria-de-trabajo","status":"publish","type":"post","link":"https:\/\/guiadenoticias.com.ar\/diario\/valenzuela-anuncio-la-creacion-de-la-secretaria-de-trabajo\/","title":{"rendered":"Valenzuela anunci\u00f3 la creaci\u00f3n de la Secretar\u00eda de Trabajo"},"content":{"rendered":"<p>El intendente Diego Valenzuela anunci\u00f3 la creaci\u00f3n de la Secretar\u00eda de Trabajo y Producci\u00f3n. Estar\u00e1 a cargo de Daniela Ramos, actual secretaria de Desarrollo Econ\u00f3mico, y tendr\u00e1 como base fundamental la formaci\u00f3n profesional y de oficios para promover m\u00e1s empleos.<\/p>\n<p>Esta iniciativa contemplar\u00e1 el armado de una oficina de orientaci\u00f3n laboral y un consejo consultivo para acompa\u00f1ar a las personas que buscan trabajo. Adem\u00e1s de ayudar en el dise\u00f1o de CV y acercar ofertas, brindar\u00e1 planes de capacitaci\u00f3n para mejorar la empleabilidad. Tambi\u00e9n se dictar\u00e1n cursos y talleres de oficios en el marco de la Red con Centros de Formaci\u00f3n Profesional (CFP), Escuela Municipal de Arte y Comunicaci\u00f3n (Emac), ITUOM, Casa del Futuro, escuelas t\u00e9cnicas y Untref.<\/p>\n<p>Por otro lado dar\u00e1 inicio a un plan para llevar los oficios a los clubes de barrios, sociedades de fomento e iglesias. Tambi\u00e9n se crear\u00e1n polos gastron\u00f3micos con reducci\u00f3n de impuestos para impulsar empleos en zonas como S\u00e1enz Pe\u00f1a, Jos\u00e9 Ingenieros\/Granaderos, Ciudadela\/Elizalde y Gaona.<\/p>\n<p>Adem\u00e1s, el municipio fomentar\u00e1 un \u201cDistrito del conocimiento\u201d y crear\u00e1 un parque industrial para m\u00e1s de 100 empresas del Camino del Buen Ayre y Ruta 8, para que las compa\u00f1\u00edas que no contaminan se puedan instalar en algunas zonas con beneficios tributarios y as\u00ed se ampl\u00ede la oferta laboral. Asimismo potenciar\u00e1n las cooperativas, para que quienes tengan conocimientos capaciten a otros vecinos para luego realizar obras p\u00fablicas en los barrios.<\/p>\n<p>\u201cUn municipio suele orientar su trabajo a las demandas sociales\u201d, expres\u00f3 Valenzuela, y agreg\u00f3 que \u201csi bien es obvio que tenemos que seguir enfatizando en el hacer y transformar calles, luces, plazas, salas de salud, jardines de infantes; creo que este momento amerita mucha m\u00e1s presencia en las cuestiones sociales y en este mundo laboral\u201d.<\/p>\n","protected":false},"excerpt":{"rendered":"<p>El intendente Diego Valenzuela anunci\u00f3 la creaci\u00f3n de la Secretar\u00eda de Trabajo y Producci\u00f3n. Estar\u00e1 a cargo de Daniela Ramos, actual secretaria de Desarrollo Econ\u00f3mico, y tendr\u00e1 como base fundamental la formaci\u00f3n profesional y de oficios para promover m\u00e1s empleos. Esta iniciativa contemplar\u00e1 el armado de una oficina de orientaci\u00f3n laboral y un consejo consultivo [&hellip;]<\/p>\n","protected":false},"author":1,"featured_media":13863,"comment_status":"closed","ping_status":"open","sticky":false,"template":"","format":"standard","meta":{"footnotes":""},"categories":[49,20,48,26],"tags":[],"class_list":{"0":"post-13862","1":"post","2":"type-post","3":"status-publish","4":"format-standard","5":"has-post-thumbnail","7":"category-economia-y-gremiales","8":"category-municipios","9":"category-politica-argentina","10":"category-tres-de-febrero"},"aioseo_notices":[],"_links":{"self":[{"href":"https:\/\/guiadenoticias.com.ar\/diario\/wp-json\/wp\/v2\/posts\/13862","targetHints":{"allow":["GET"]}}],"collection":[{"href":"https:\/\/guiadenoticias.com.ar\/diario\/wp-json\/wp\/v2\/posts"}],"about":[{"href":"https:\/\/guiadenoticias.com.ar\/diario\/wp-json\/wp\/v2\/types\/post"}],"author":[{"embeddable":true,"href":"https:\/\/guiadenoticias.com.ar\/diario\/wp-json\/wp\/v2\/users\/1"}],"replies":[{"embeddable":true,"href":"https:\/\/guiadenoticias.com.ar\/diario\/wp-json\/wp\/v2\/comments?post=13862"}],"version-history":[{"count":1,"href":"https:\/\/guiadenoticias.com.ar\/diario\/wp-json\/wp\/v2\/posts\/13862\/revisions"}],"predecessor-version":[{"id":13864,"href":"https:\/\/guiadenoticias.com.ar\/diario\/wp-json\/wp\/v2\/posts\/13862\/revisions\/13864"}],"wp:featuredmedia":[{"embeddable":true,"href":"https:\/\/guiadenoticias.com.ar\/diario\/wp-json\/wp\/v2\/media\/13863"}],"wp:attachment":[{"href":"https:\/\/guiadenoticias.com.ar\/diario\/wp-json\/wp\/v2\/media?parent=13862"}],"wp:term":[{"taxonomy":"category","embeddable":true,"href":"https:\/\/guiadenoticias.com.ar\/diario\/wp-json\/wp\/v2\/categories?post=13862"},{"taxonomy":"post_tag","embeddable":true,"href":"https:\/\/guiadenoticias.com.ar\/diario\/wp-json\/wp\/v2\/tags?post=13862"}],"curies":[{"name":"wp","href":"https:\/\/api.w.org\/{rel}","templated":true}]}}