{"id":13902,"date":"2019-10-14T22:31:29","date_gmt":"2019-10-15T01:31:29","guid":{"rendered":"https:\/\/guiadenoticias.com.ar\/diario\/?p=13902"},"modified":"2019-10-14T22:31:29","modified_gmt":"2019-10-15T01:31:29","slug":"capacitacion-en-san-isidro-en-temas-de-genero","status":"publish","type":"post","link":"https:\/\/guiadenoticias.com.ar\/diario\/capacitacion-en-san-isidro-en-temas-de-genero\/","title":{"rendered":"Capacitaci\u00f3n en San Isidro en temas de g\u00e9nero"},"content":{"rendered":"<p>Periodista, escritora, referente y pionera en el tratamiento de la violencia de g\u00e9nero en los medios de comunicaci\u00f3n, Mariana Carbajal encabez\u00f3 la capacitaci\u00f3n en temas de g\u00e9nero a funcionarios, empleados y concejales de San Isidro. Las capacitaciones son en el marco de la Ley Micaela en referencia a Micaela Garc\u00eda, la joven de 21 a\u00f1os que fue asesinada (2017) en Entre R\u00edos.<\/p>\n<p>\u201cLo que plantea la Ley Micaela, aprobada a fines del a\u00f1o pasado, es que todos los operadores, funcionarios y funcionarias del Estado nacional, provincial y municipal; as\u00ed como de los poderes Judicial, Legislativo y Ejecutivo deban capacitarse para incorporar la perspectiva de g\u00e9nero y entender de qu\u00e9 se trata la violencia machista\u201d, explic\u00f3 Carbajal desde el Teatro Municipal del Viejo Concejo.<\/p>\n<p>El intendente Gustavo Posse explic\u00f3 que esta iniciativa est\u00e1 vinculada con la Ordenanza aprobada para aplicar la Ley Micaela en el municipio. \u201cEs un gran avance esta Ordenanza y es un orgullo recibir este taller\u00a0 por parte de Carbajal, periodista especializada que tambi\u00e9n escribi\u00f3 mucho sobre este tema\u201d, dijo el jefe comunal.<\/p>\n<p>Carolina Crecenti, a cargo de la Direcci\u00f3n de la Mujer y Pol\u00edticas de G\u00e9nero de San Isidro, cerr\u00f3: \u201cLa idea es capacitar a todo el personal municipal y en simult\u00e1neo a las organizaciones barriales en perspectiva de g\u00e9nero. Trabajar juntos para eliminar la violencia contra la mujer es el desaf\u00edo\u201d.<\/p>\n","protected":false},"excerpt":{"rendered":"<p>Periodista, escritora, referente y pionera en el tratamiento de la violencia de g\u00e9nero en los medios de comunicaci\u00f3n, Mariana Carbajal encabez\u00f3 la capacitaci\u00f3n en temas de g\u00e9nero a funcionarios, empleados y concejales de San Isidro. Las capacitaciones son en el marco de la Ley Micaela en referencia a Micaela Garc\u00eda, la joven de 21 a\u00f1os [&hellip;]<\/p>\n","protected":false},"author":1,"featured_media":13903,"comment_status":"closed","ping_status":"open","sticky":false,"template":"","format":"standard","meta":{"footnotes":""},"categories":[20,21],"tags":[],"class_list":{"0":"post-13902","1":"post","2":"type-post","3":"status-publish","4":"format-standard","5":"has-post-thumbnail","7":"category-municipios","8":"category-san-isidro"},"aioseo_notices":[],"_links":{"self":[{"href":"https:\/\/guiadenoticias.com.ar\/diario\/wp-json\/wp\/v2\/posts\/13902","targetHints":{"allow":["GET"]}}],"collection":[{"href":"https:\/\/guiadenoticias.com.ar\/diario\/wp-json\/wp\/v2\/posts"}],"about":[{"href":"https:\/\/guiadenoticias.com.ar\/diario\/wp-json\/wp\/v2\/types\/post"}],"author":[{"embeddable":true,"href":"https:\/\/guiadenoticias.com.ar\/diario\/wp-json\/wp\/v2\/users\/1"}],"replies":[{"embeddable":true,"href":"https:\/\/guiadenoticias.com.ar\/diario\/wp-json\/wp\/v2\/comments?post=13902"}],"version-history":[{"count":1,"href":"https:\/\/guiadenoticias.com.ar\/diario\/wp-json\/wp\/v2\/posts\/13902\/revisions"}],"predecessor-version":[{"id":13904,"href":"https:\/\/guiadenoticias.com.ar\/diario\/wp-json\/wp\/v2\/posts\/13902\/revisions\/13904"}],"wp:featuredmedia":[{"embeddable":true,"href":"https:\/\/guiadenoticias.com.ar\/diario\/wp-json\/wp\/v2\/media\/13903"}],"wp:attachment":[{"href":"https:\/\/guiadenoticias.com.ar\/diario\/wp-json\/wp\/v2\/media?parent=13902"}],"wp:term":[{"taxonomy":"category","embeddable":true,"href":"https:\/\/guiadenoticias.com.ar\/diario\/wp-json\/wp\/v2\/categories?post=13902"},{"taxonomy":"post_tag","embeddable":true,"href":"https:\/\/guiadenoticias.com.ar\/diario\/wp-json\/wp\/v2\/tags?post=13902"}],"curies":[{"name":"wp","href":"https:\/\/api.w.org\/{rel}","templated":true}]}}