{"id":13964,"date":"2019-10-24T22:54:27","date_gmt":"2019-10-25T01:54:27","guid":{"rendered":"https:\/\/guiadenoticias.com.ar\/diario\/?p=13964"},"modified":"2019-10-24T22:54:27","modified_gmt":"2019-10-25T01:54:27","slug":"hilding-ohlsson-creemos-que-este-domingo-mejoraremos-el-resultado","status":"publish","type":"post","link":"https:\/\/guiadenoticias.com.ar\/diario\/hilding-ohlsson-creemos-que-este-domingo-mejoraremos-el-resultado\/","title":{"rendered":"Hilding Ohlsson: \u201cCreemos que este domingo mejoraremos el resultado\u201d"},"content":{"rendered":"<p>A pocos d\u00edas de las elecciones generales, el candidato a intendente por Convocaci\u00f3n C\u00edvica Cambia San Isidro, Marcos Hilding Ohlsson, habl\u00f3 con Gu\u00eda de Noticias, ocasi\u00f3n en la cual se mostr\u00f3 optimista frente a los resultados y sobre el futuro del espacio pol\u00edtico.<\/p>\n<p>\u201cCreo que vamos a crecer, la pregunta es cu\u00e1nto. Desde lo personal apunto a ganar la Intendencia, pero sino la idea es obtener el mayor espacio para concejales y quedarnos como la principal alternativa\u201d, sostuvo.<\/p>\n<p>Asimismo destac\u00f3 c\u00f3mo creci\u00f3 el partido vecinal desde su creaci\u00f3n: \u201cConVocaci\u00f3n se arm\u00f3 en 2001. Empezamos con una fuerte impronta local, primero sacamos un 4 por ciento, pero en todas las elecciones aumentamos los porcentajes. Las PASO fue nuestra mejor votaci\u00f3n, con un 22 por ciento, por eso creemos que este domingo mejoraremos el resultado\u201d.<\/p>\n<p>Por otro lado, el candidato hizo referencia a algunas situaciones que enfrentaron durante la campa\u00f1a: \u201cTuvimos que hacer varias denuncias, nos sacaron m\u00e1s de mil carteles, no s\u00f3lo de las calles, sino tambi\u00e9n de las casas; entraron a robar cuatro veces a nuestra sede y tuvimos varias agresiones. Por ejemplo, quise ir a la inauguraci\u00f3n del t\u00fanel de Sarratea, que era un acto p\u00fablico, y no me dejaron pasar, me pararon en la calle y despu\u00e9s me empujaron, por eso hicimos la denuncia en la fiscal\u00eda general. Queremos cortar con la agresi\u00f3n pol\u00edtica, porque creemos que es muy bueno que haya pluralidad y debate. No van a callar nuestras ideas, sino que vamos a seguir trabajando para mejorar San Isidro\u201d.<\/p>\n<p>Tambi\u00e9n, Hilding Ohlsson relat\u00f3 cu\u00e1l ser\u00e1 su trabajo post elecciones. \u201cLos primeros cuarenta d\u00edas me voy a preparar para ser intendente y trabajar muy fuerte en la transici\u00f3n, eso es lo que tengo hoy en la cabeza. Pero si no ganamos, seguiremos con una oposici\u00f3n constructiva, que controla al intendente. Vamos a traer nuestras ideas y tratar que sea el mejor gobierno para el vecino. Si ganamos ser\u00e1 un desaf\u00edo enorme y sino, vamos a tener un gran caudal de vecinos a representar\u201d.<\/p>\n<p>Uno de los mayores retos que tendr\u00e1 que enfrentar el frente que integra si gana las elecciones es trabajar en conjunto con una provincia y una naci\u00f3n desconectada en ideolog\u00eda pol\u00edtica; frente a esto, el vecinalista expuso su idea: \u201cGane quien gane tendremos que articular en lo que haga falta, pero tambi\u00e9n plantarnos y defender al vecino. Tenemos una ventaja y es que muchas veces los intendentes se ven obligados a acompa\u00f1ar aunque les sea perjudicial al municipio. Pero nosotros siempre vamos a trabajar con un gobernador de otro partido, por eso debemos tener en claro que estamos ah\u00ed porque cortaron boleta y nuestro trabajo es responder a nuestros votantes\u201d.<\/p>\n<p>Adem\u00e1s, opin\u00f3 sobre la expansi\u00f3n de ConVocaci\u00f3n a nivel provincial: \u201cDespu\u00e9s de las elecciones estamos dispuestos a hacer acuerdos provinciales y nacionales, pero ahora estamos enfocados en lo local. Muchos de otros municipios se acercaron porque quieren hacer alianzas con nosotros y estamos abiertos al di\u00e1logo, pero siempre les aclaro que deben tener paciencia porque implica un trabajo enorme, que lleva mucho tiempo, que hay pocos recursos y que se precisa gente con ganas de trabajar mucho\u201d.<\/p>\n<p>San Isidro es un municipio con gran corte de boleta. El oficialismo tiene una oposici\u00f3n fuerte a nivel local. \u201cEl desaf\u00edo es que en esta elecci\u00f3n s\u00faper polarizada a nivel nacional, la gente se enfoque en lo local y corte boleta\u201d, explic\u00f3 Hilding Ohlsson. Es por eso que para la campa\u00f1a crearon un m\u00e9todo llamado \u201cDelivery de boletas\u201d, mediante el cual los vecinos anotan a trav\u00e9s de una aplicaci\u00f3n qu\u00e9 boleta quieren y se la env\u00edan a sus casa junto a la de ConVocaci\u00f3n, en el cuerpo que corresponde a intendente.<\/p>\n<p>\u201cPara esta campa\u00f1a dividimos el distrito en diez zonas, con un representante en cada una, por eso vamos a tener un bloque de entre 7 y 9 concejales. La idea es trabajar as\u00ed, no s\u00f3lo atender los temas generales, sino tambi\u00e9n hacer un trabajo comunitario de cada barrio\u201d, concluy\u00f3.<\/p>\n","protected":false},"excerpt":{"rendered":"<p>A pocos d\u00edas de las elecciones generales, el candidato a intendente por Convocaci\u00f3n C\u00edvica Cambia San Isidro, Marcos Hilding Ohlsson, habl\u00f3 con Gu\u00eda de Noticias, ocasi\u00f3n en la cual se mostr\u00f3 optimista frente a los resultados y sobre el futuro del espacio pol\u00edtico. \u201cCreo que vamos a crecer, la pregunta es cu\u00e1nto. Desde lo personal [&hellip;]<\/p>\n","protected":false},"author":1,"featured_media":13965,"comment_status":"closed","ping_status":"open","sticky":false,"template":"","format":"standard","meta":{"footnotes":""},"categories":[20,48,21],"tags":[],"class_list":{"0":"post-13964","1":"post","2":"type-post","3":"status-publish","4":"format-standard","5":"has-post-thumbnail","7":"category-municipios","8":"category-politica-argentina","9":"category-san-isidro"},"aioseo_notices":[],"_links":{"self":[{"href":"https:\/\/guiadenoticias.com.ar\/diario\/wp-json\/wp\/v2\/posts\/13964","targetHints":{"allow":["GET"]}}],"collection":[{"href":"https:\/\/guiadenoticias.com.ar\/diario\/wp-json\/wp\/v2\/posts"}],"about":[{"href":"https:\/\/guiadenoticias.com.ar\/diario\/wp-json\/wp\/v2\/types\/post"}],"author":[{"embeddable":true,"href":"https:\/\/guiadenoticias.com.ar\/diario\/wp-json\/wp\/v2\/users\/1"}],"replies":[{"embeddable":true,"href":"https:\/\/guiadenoticias.com.ar\/diario\/wp-json\/wp\/v2\/comments?post=13964"}],"version-history":[{"count":1,"href":"https:\/\/guiadenoticias.com.ar\/diario\/wp-json\/wp\/v2\/posts\/13964\/revisions"}],"predecessor-version":[{"id":13966,"href":"https:\/\/guiadenoticias.com.ar\/diario\/wp-json\/wp\/v2\/posts\/13964\/revisions\/13966"}],"wp:featuredmedia":[{"embeddable":true,"href":"https:\/\/guiadenoticias.com.ar\/diario\/wp-json\/wp\/v2\/media\/13965"}],"wp:attachment":[{"href":"https:\/\/guiadenoticias.com.ar\/diario\/wp-json\/wp\/v2\/media?parent=13964"}],"wp:term":[{"taxonomy":"category","embeddable":true,"href":"https:\/\/guiadenoticias.com.ar\/diario\/wp-json\/wp\/v2\/categories?post=13964"},{"taxonomy":"post_tag","embeddable":true,"href":"https:\/\/guiadenoticias.com.ar\/diario\/wp-json\/wp\/v2\/tags?post=13964"}],"curies":[{"name":"wp","href":"https:\/\/api.w.org\/{rel}","templated":true}]}}