{"id":14011,"date":"2019-10-29T01:31:03","date_gmt":"2019-10-29T04:31:03","guid":{"rendered":"https:\/\/guiadenoticias.com.ar\/diario\/?p=14011"},"modified":"2019-10-29T01:34:01","modified_gmt":"2019-10-29T04:34:01","slug":"posse-festejo-una-nueva-victoria-electoral","status":"publish","type":"post","link":"https:\/\/guiadenoticias.com.ar\/diario\/posse-festejo-una-nueva-victoria-electoral\/","title":{"rendered":"Posse festej\u00f3 una nueva victoria electoral"},"content":{"rendered":"<p>\u201cHay pocos momentos de felicidad plena en el rol de intendente, como cuando inaugur\u00e1s un hospital, o una obra como la de Sarratea; y este es uno de esos momentos, el de sentirse respaldado por cada mesa de votaci\u00f3n\u201d, expres\u00f3 Gustavo Posse. El\u00a0 intendente de San Isidro, candidato de Juntos por el Cambio, buscaba su sexto mandato y los resultados del recuento provisorio lo favorecieron con\u00a0 48% de los votos.<\/p>\n<p>El distrito de zona norte reuni\u00f3 una importante cosecha de votos para la f\u00f3rmula presidencial del oficialismo, con 57% en esa categor\u00eda, situaci\u00f3n que evidenci\u00f3 asimismo bastante corte de boleta.<\/p>\n<p>\u201cLa relaci\u00f3n con el equipo y con los vecinos es lo m\u00e1s importante. En medio de elecciones nacionales y provinciales\u00a0 se mezcla todo, y por eso cuando llega el d\u00eda de la elecci\u00f3n lo que quer\u00e9s es ganar. Y quer\u00e9s ganar bien, con una gran distancia. Y hoy llegamos a una considerable distancia con el segundo\u201d, confes\u00f3 Posse sobre el cierre de la jornada electoral.<\/p>\n<p>En este sentido, la lista del Frente de Todos, encabezada por Federico Gelay, obtuvo el segundo lugar con 27%. Y ConVocaci\u00f3n C\u00edvica reuni\u00f3 el 20%, por lo cual tendr\u00e1 desde diciembre 7 concejales.<\/p>\n<p>Por otro lado, el ratificado jefe comunal sanisidrense celebr\u00f3 la consolidaci\u00f3n de la\u00a0 coalici\u00f3n que conduce. \u201cNo puedo dejar de destacar a la formaci\u00f3n plural que tenemos, del PRO, del radicalismo, parte del peronismo, vecinalistas e independientes, donde cada uno pudo hacer su aporte. Me siento orgulloso de estar a cargo del municipio con una formaci\u00f3n plural, y hacer pol\u00edtica en el espacio que quiera y con quien quiera\u201d, recalc\u00f3.<\/p>\n<p>Ante la consulta de c\u00f3mo ser\u00e1 su relaci\u00f3n con la gobernaci\u00f3n al mando de Axel Kicillof, Posse\u00a0 record\u00f3 que \u201cgobernamos con todo tipo de color pol\u00edtico en la Provincia, salvo esta \u00e9poca muy buena junto a Mar\u00eda Eugenia\u201d.<\/p>\n<p>Aprovech\u00f3 su agradecimiento a los vecinos para volver a criticar el sistema electoral vigente. \u201cAgradecemos que vinieran a votar, porque es un garr\u00f3n votar dos veces en este sistema que no tiene sentido\u201d, remarc\u00f3, e insisti\u00f3 con la necesidad de un desdoblamiento electoral: \u201cEl tema de la boleta s\u00e1bana es que se mezcla lo que pasa en Naci\u00f3n con lo que pasa en Provincia\u201d.<\/p>\n<p><strong>LA OPOSICI\u00d3N<\/strong><\/p>\n<p>Adem\u00e1s, en la sede del vecinalismo\u00a0 se reunieron los miembros de la alianza Convocaci\u00f3n C\u00edvica con un clima de \u201csatisfacci\u00f3n por el esfuerzo\u201d. A pesar de no crecer desde las Primarias,\u00a0 la coalici\u00f3n vecinal mantuvo el nivel de las legislativas 2017 y cosech\u00f3 13 mil votos m\u00e1s que en las generales de 2015.<\/p>\n<p>Su candidato a intendente, Marcos Hilding-Ohlsson, expres\u00f3 su orgullo por ser \u201cel partido vecinal m\u00e1s importante del pa\u00eds y haber roto la polarizaci\u00f3n\u201d.<\/p>\n<p>\u201cNuestro gran desaf\u00edo es acompa\u00f1ar a los siete concejales que tendremos en los pr\u00f3ximos a\u00f1os, y seguir representando a un gran n\u00famero de vecinos que quieren un municipio cercano, moderno y transparente\u201d, sostuvo.<\/p>\n<p>Carlos Castellano, quien no alcanz\u00f3 a ingresar al Consejo Escolar, agradeci\u00f3 el voto \u201cporque sigue vigente la posibilidad de transformar la pol\u00edtica municipal. Muchos vecinos eligieron la pol\u00edtica local a pesar del bombardeo de los partidos nacionales. Que en un lugar del Gran Buenos Aires aparezca una fuerza como esta, nos debe hacer redoblar el esfuerzo\u201d, anim\u00f3.<\/p>\n<p>Por su parte, el Frente de Todos retuvo la segunda posici\u00f3n, al igual que en las Paso,\u00a0 gracias al empuje de la polarizaci\u00f3n nacional. El 27% obtenido, seg\u00fan el recuento provisorio, permiti\u00f3 que una fuerza peronista alcance el mismo porcentaje de votos alcanzado por el Frente para la Victoria en 2011 en la disputa comunal. \u201cM\u00e1s de 58 mil vecinos nos eligieron como el principal partido de oposici\u00f3n en el distrito. Junto a Alberto y Axel seguiremos trabajando para lograr la renovaci\u00f3n que San Isidro necesita\u201d, anunci\u00f3 Gelay en sus redes sociales.<\/p>\n","protected":false},"excerpt":{"rendered":"<p>\u201cHay pocos momentos de felicidad plena en el rol de intendente, como cuando inaugur\u00e1s un hospital, o una obra como la de Sarratea; y este es uno de esos momentos, el de sentirse respaldado por cada mesa de votaci\u00f3n\u201d, expres\u00f3 Gustavo Posse. El\u00a0 intendente de San Isidro, candidato de Juntos por el Cambio, buscaba su [&hellip;]<\/p>\n","protected":false},"author":1,"featured_media":14012,"comment_status":"closed","ping_status":"open","sticky":false,"template":"","format":"standard","meta":{"footnotes":""},"categories":[20,48,21],"tags":[],"class_list":{"0":"post-14011","1":"post","2":"type-post","3":"status-publish","4":"format-standard","5":"has-post-thumbnail","7":"category-municipios","8":"category-politica-argentina","9":"category-san-isidro"},"aioseo_notices":[],"_links":{"self":[{"href":"https:\/\/guiadenoticias.com.ar\/diario\/wp-json\/wp\/v2\/posts\/14011","targetHints":{"allow":["GET"]}}],"collection":[{"href":"https:\/\/guiadenoticias.com.ar\/diario\/wp-json\/wp\/v2\/posts"}],"about":[{"href":"https:\/\/guiadenoticias.com.ar\/diario\/wp-json\/wp\/v2\/types\/post"}],"author":[{"embeddable":true,"href":"https:\/\/guiadenoticias.com.ar\/diario\/wp-json\/wp\/v2\/users\/1"}],"replies":[{"embeddable":true,"href":"https:\/\/guiadenoticias.com.ar\/diario\/wp-json\/wp\/v2\/comments?post=14011"}],"version-history":[{"count":3,"href":"https:\/\/guiadenoticias.com.ar\/diario\/wp-json\/wp\/v2\/posts\/14011\/revisions"}],"predecessor-version":[{"id":14015,"href":"https:\/\/guiadenoticias.com.ar\/diario\/wp-json\/wp\/v2\/posts\/14011\/revisions\/14015"}],"wp:featuredmedia":[{"embeddable":true,"href":"https:\/\/guiadenoticias.com.ar\/diario\/wp-json\/wp\/v2\/media\/14012"}],"wp:attachment":[{"href":"https:\/\/guiadenoticias.com.ar\/diario\/wp-json\/wp\/v2\/media?parent=14011"}],"wp:term":[{"taxonomy":"category","embeddable":true,"href":"https:\/\/guiadenoticias.com.ar\/diario\/wp-json\/wp\/v2\/categories?post=14011"},{"taxonomy":"post_tag","embeddable":true,"href":"https:\/\/guiadenoticias.com.ar\/diario\/wp-json\/wp\/v2\/tags?post=14011"}],"curies":[{"name":"wp","href":"https:\/\/api.w.org\/{rel}","templated":true}]}}