{"id":14092,"date":"2019-11-12T14:26:40","date_gmt":"2019-11-12T17:26:40","guid":{"rendered":"https:\/\/guiadenoticias.com.ar\/diario\/?p=14092"},"modified":"2019-11-12T14:26:40","modified_gmt":"2019-11-12T17:26:40","slug":"valenzuela-participo-de-festejos-de-los-municipales-3f","status":"publish","type":"post","link":"https:\/\/guiadenoticias.com.ar\/diario\/valenzuela-participo-de-festejos-de-los-municipales-3f\/","title":{"rendered":"Valenzuela particip\u00f3 de festejos de los municipales 3F"},"content":{"rendered":"<p>Los trabajadores municipales de Tres de Febrero festejaron su d\u00eda (8 de noviembre) con un encuentro organizado por la conducci\u00f3n gremial que asumi\u00f3 recientemente. El intendente Diego Valenzuela pas\u00f3 a saludar y mostr\u00f3 que la relaci\u00f3n con Ariel Collia, el secretario general, no qued\u00f3 deteriorada tras los posicionamientos en las elecciones generales.<\/p>\n<p>\u201cAprend\u00ed a trabajar junto con Collia y entend\u00ed que este municipio no se puede mover para adelante solamente con los funcionarios. En lo que respecta a mis decisiones, voy a estar con el sindicato para tomar acciones que generen mejores condiciones laborales y mejor remuneraci\u00f3n, para que el empleo municipal se vea reconocido como se merece\u201d, comenz\u00f3 su discurso el jefe comunal, y se\u00f1al\u00f3 que \u201ccuento con ustedes y me siento respaldado, por eso les quiero decir que vamos a trabajar a\u00fan m\u00e1s, ahora que el voto popular nos dio un empuj\u00f3n b\u00e1rbaro con cuatro a\u00f1os junto a la familia municipal\u201d.<\/p>\n<p>A su vez, Valenzuela anticip\u00f3 el pr\u00f3ximo aumento para los municipales: \u201cLa semana que viene vamos a acordar una mejora econ\u00f3mica para todos los trabajadores de Tres de Febrero, que se va a pagar en noviembre. Esto se puede hacer gracias a una buena administraci\u00f3n, en base a una decisi\u00f3n pol\u00edtica y por\u00a0 un dirigente que me hace ver lo que falta\u201d.<\/p>\n<p>Collia tambi\u00e9n habl\u00f3 y pidi\u00f3 uni\u00f3n entre los compa\u00f1eros para volver al prestigio como trabajador municipal. \u201cQuiero que peleemos por esta familia que hoy est\u00e1 un poquito dividida, tenemos que volver a ser la familia municipal para la sociedad. Hoy, no me interesa hablar de pol\u00edtica, s\u00f3lo quiero festejar y que todos trabajemos juntos, seamos solidarios entre compa\u00f1eros\u201d.<\/p>\n<p>Adem\u00e1s, el secretario &#8211; que evit\u00f3 las consultas de este portal &#8211; remarc\u00f3 ante los presentes que \u201chay un sindicato que va a estar a la altura de las consecuencias y defendiendo al trabajador. Lo \u00fanico que pedimos es un poco de tiempo, ya que hace dos meses asumimos, igual ya hicimos cosas y vamos por m\u00e1s\u201d.<\/p>\n<p>En cambio, Gu\u00eda de Noticias estableci\u00f3 di\u00e1logo con el intendente, quien coment\u00f3, \u201csin el empleado municipal no hay progreso en el municipio. Yo me siento respaldado con gente que tiene un objetivo claro y es honesta. Creo que hemos logrado mejorar Tres de Febrero y para eso fue clave el trabajador municipal, por eso me da orgullo acompa\u00f1ar hoy\u201d.<\/p>\n<p>De todos modos, Valenzuela opin\u00f3 sobre el momento vivido durante la asunci\u00f3n de las autoridades sindicales. \u201cCon Ariel siempre estuvimos bien. Cuando asumi\u00f3 la nueva conducci\u00f3n fuimos al acto y como est\u00e1bamos en una etapa electoral hubo algunos cantitos, pero fue parte del folklore de la pol\u00edtica\u201d, y aclar\u00f3, \u201cnuestra relaci\u00f3n siempre fue con buen di\u00e1logo y eso es lo que nos permite llegar a acuerdos para que los y las trabajadoras est\u00e9n mejor, en funci\u00f3n del vecino\u201d.<\/p>\n","protected":false},"excerpt":{"rendered":"<p>Los trabajadores municipales de Tres de Febrero festejaron su d\u00eda (8 de noviembre) con un encuentro organizado por la conducci\u00f3n gremial que asumi\u00f3 recientemente. El intendente Diego Valenzuela pas\u00f3 a saludar y mostr\u00f3 que la relaci\u00f3n con Ariel Collia, el secretario general, no qued\u00f3 deteriorada tras los posicionamientos en las elecciones generales. \u201cAprend\u00ed a trabajar [&hellip;]<\/p>\n","protected":false},"author":1,"featured_media":14093,"comment_status":"closed","ping_status":"open","sticky":false,"template":"","format":"standard","meta":{"footnotes":""},"categories":[49,20,48,26],"tags":[],"class_list":{"0":"post-14092","1":"post","2":"type-post","3":"status-publish","4":"format-standard","5":"has-post-thumbnail","7":"category-economia-y-gremiales","8":"category-municipios","9":"category-politica-argentina","10":"category-tres-de-febrero"},"aioseo_notices":[],"_links":{"self":[{"href":"https:\/\/guiadenoticias.com.ar\/diario\/wp-json\/wp\/v2\/posts\/14092","targetHints":{"allow":["GET"]}}],"collection":[{"href":"https:\/\/guiadenoticias.com.ar\/diario\/wp-json\/wp\/v2\/posts"}],"about":[{"href":"https:\/\/guiadenoticias.com.ar\/diario\/wp-json\/wp\/v2\/types\/post"}],"author":[{"embeddable":true,"href":"https:\/\/guiadenoticias.com.ar\/diario\/wp-json\/wp\/v2\/users\/1"}],"replies":[{"embeddable":true,"href":"https:\/\/guiadenoticias.com.ar\/diario\/wp-json\/wp\/v2\/comments?post=14092"}],"version-history":[{"count":1,"href":"https:\/\/guiadenoticias.com.ar\/diario\/wp-json\/wp\/v2\/posts\/14092\/revisions"}],"predecessor-version":[{"id":14094,"href":"https:\/\/guiadenoticias.com.ar\/diario\/wp-json\/wp\/v2\/posts\/14092\/revisions\/14094"}],"wp:featuredmedia":[{"embeddable":true,"href":"https:\/\/guiadenoticias.com.ar\/diario\/wp-json\/wp\/v2\/media\/14093"}],"wp:attachment":[{"href":"https:\/\/guiadenoticias.com.ar\/diario\/wp-json\/wp\/v2\/media?parent=14092"}],"wp:term":[{"taxonomy":"category","embeddable":true,"href":"https:\/\/guiadenoticias.com.ar\/diario\/wp-json\/wp\/v2\/categories?post=14092"},{"taxonomy":"post_tag","embeddable":true,"href":"https:\/\/guiadenoticias.com.ar\/diario\/wp-json\/wp\/v2\/tags?post=14092"}],"curies":[{"name":"wp","href":"https:\/\/api.w.org\/{rel}","templated":true}]}}