{"id":14099,"date":"2019-11-15T22:57:30","date_gmt":"2019-11-16T01:57:30","guid":{"rendered":"https:\/\/guiadenoticias.com.ar\/diario\/?p=14099"},"modified":"2019-11-15T22:57:30","modified_gmt":"2019-11-16T01:57:30","slug":"preven-para-2020-alzas-superiores-al-35-por-ciento","status":"publish","type":"post","link":"https:\/\/guiadenoticias.com.ar\/diario\/preven-para-2020-alzas-superiores-al-35-por-ciento\/","title":{"rendered":"Prev\u00e9n para 2020 alzas superiores al 35 por ciento"},"content":{"rendered":"<p>El Concejo Deliberante de San Isidro realiz\u00f3 una sesi\u00f3n extraordinaria en la que, con idas y vueltas entre la oposici\u00f3n y el oficialismo, los ediles aprobaron la preparatoria de las Ordenanzas Fiscal e Impositiva que prev\u00e9n los incrementos de tasas para el a\u00f1o pr\u00f3ximo, y que ser\u00e1n tratadas luego por los Mayores Contribuyentes.<\/p>\n<p>Manuel Abella Nazar, de ConVocaci\u00f3n por San Isidro &#8211; bloque que especul\u00f3 con el qu\u00f3rum &#8211; , se mostr\u00f3 firme con su postura en contra: \u201cLos aumentos que se plantean, tratados de manera expr\u00e9s con la intenci\u00f3n que pase sin que nadie diga nada, son realmente exorbitantes\u201d, dijo, y se\u00f1al\u00f3 que \u201cse trata de un incremento del 35 por ciento de diciembre a enero; adem\u00e1s, el proyecto plantea delegar en el intendente un aumento de hasta un 80 por ciento m\u00e1s. Esto no lo podemos aceptar, porque lo \u00fanico que se va a lograr es que los vecinos no puedan pagar sus tasas\u201d.<\/p>\n<p>Desde el possismo, el concejal Pablo Fontanet contest\u00f3, \u201cestamos dispuestos a escuchar las propuestas que tengan otros bloques y trabajarlas para buscar los consensos necesarios y el menor impacto en el bolsillo de los vecinos\u201d, y defendi\u00f3 el proyecto: \u201cNos encontramos en una situaci\u00f3n en la cual el aumento de las tasas del municipio est\u00e1 relegado respecto a la inflaci\u00f3n, pero el debate no queda cerrado, queremos que se haga antes del 10 de diciembre la asamblea de concejales y Mayores Contribuyentes, pero para eso todas las fuerzas pol\u00edticas se tienen que comprometer a trabajar sobre el proyecto antes de esa fecha\u201d.<\/p>\n<p>Otra voz que se hizo escuchar fue la del peronista Fabi\u00e1n Brest, que critic\u00f3 a los vecinalistas. \u201cTal vez especulan con que asomen las nuevas autoridades y as\u00ed hacer la cr\u00edtica que no hicieron en estos cuatro a\u00f1os cuando fueron funcionales al gobierno actual. Durante su campa\u00f1a, no hablaron de la econom\u00eda nacional ni provincial, de c\u00f3mo la presi\u00f3n impositiva y tributaria del municipio termin\u00f3 socavando el bolsillo de los vecinos. Adhirieron a este sistema nacional que trajo la inflaci\u00f3n y despu\u00e9s intentaron deshacerse\u201d.<\/p>\n<p>Mientras que Gonzalo Beccar Varela, del Frente Renovador, llam\u00f3 a traer una contrapropuesta para discutirla: \u201cNo hay que oponerse s\u00f3lo por costumbre, debemos atacar la debilidad del oficialismo\u201d.<\/p>\n<p>Antes de la votaci\u00f3n, Andr\u00e9s Rol\u00f3n dej\u00f3 la presidencia del cuerpo para dar su punto de vista. \u201cEs verdad que el contexto de nuestro pa\u00eds no es el mejor y que no est\u00e1n aprobados el presupuesto provincial ni nacional, pero el proyecto de las Ordenanzas Fiscal e Impositiva debe ingresar en una fecha y ser tratado. Por otra parte, siempre nos dicen que San Isidro se cae a pedazos y que no somos capaces de conducir, pero el pueblo convalida lo que hacemos. No vengo a tirar los votos encima, vengo a buscar di\u00e1logos y consensos\u201d.<\/p>\n<p><strong>CESI\u00d3N DEL GOLF DE VILLA ADELINA<\/strong><\/p>\n<p>Aparte del debate en torno a los n\u00fameros 2020, \u00a0el HCD vot\u00f3 por unanimidad la convalidaci\u00f3n del convenio para convertir el terreno del Golf de Villa Adelina en un espacio verde y p\u00fablico.<\/p>\n<p>D\u00edas antes, en una reuni\u00f3n con vecinos y asamble\u00edstas, el intendente Gustavo Posse y el titular de la Agencia de Administraci\u00f3n de Bienes del Estado (AABE), Ram\u00f3n Lan\u00fas, firmaron dicha cesi\u00f3n. A partir de ahora, este espacio de 22 hect\u00e1reas, que pertenec\u00eda a la Armada, ser\u00e1 administrado por el municipio.<\/p>\n<p>En la sesi\u00f3n, otro fuerte intercambio tuvo lugar cuando los concejales se pronunciaron sobre los sucesos en Bolivia y no lograron aunar una posici\u00f3n pol\u00edtica \u2013 ideol\u00f3gica.<\/p>\n","protected":false},"excerpt":{"rendered":"<p>El Concejo Deliberante de San Isidro realiz\u00f3 una sesi\u00f3n extraordinaria en la que, con idas y vueltas entre la oposici\u00f3n y el oficialismo, los ediles aprobaron la preparatoria de las Ordenanzas Fiscal e Impositiva que prev\u00e9n los incrementos de tasas para el a\u00f1o pr\u00f3ximo, y que ser\u00e1n tratadas luego por los Mayores Contribuyentes. Manuel Abella [&hellip;]<\/p>\n","protected":false},"author":1,"featured_media":14100,"comment_status":"closed","ping_status":"open","sticky":false,"template":"","format":"standard","meta":{"footnotes":""},"categories":[20,48,21],"tags":[],"class_list":{"0":"post-14099","1":"post","2":"type-post","3":"status-publish","4":"format-standard","5":"has-post-thumbnail","7":"category-municipios","8":"category-politica-argentina","9":"category-san-isidro"},"aioseo_notices":[],"_links":{"self":[{"href":"https:\/\/guiadenoticias.com.ar\/diario\/wp-json\/wp\/v2\/posts\/14099","targetHints":{"allow":["GET"]}}],"collection":[{"href":"https:\/\/guiadenoticias.com.ar\/diario\/wp-json\/wp\/v2\/posts"}],"about":[{"href":"https:\/\/guiadenoticias.com.ar\/diario\/wp-json\/wp\/v2\/types\/post"}],"author":[{"embeddable":true,"href":"https:\/\/guiadenoticias.com.ar\/diario\/wp-json\/wp\/v2\/users\/1"}],"replies":[{"embeddable":true,"href":"https:\/\/guiadenoticias.com.ar\/diario\/wp-json\/wp\/v2\/comments?post=14099"}],"version-history":[{"count":1,"href":"https:\/\/guiadenoticias.com.ar\/diario\/wp-json\/wp\/v2\/posts\/14099\/revisions"}],"predecessor-version":[{"id":14101,"href":"https:\/\/guiadenoticias.com.ar\/diario\/wp-json\/wp\/v2\/posts\/14099\/revisions\/14101"}],"wp:featuredmedia":[{"embeddable":true,"href":"https:\/\/guiadenoticias.com.ar\/diario\/wp-json\/wp\/v2\/media\/14100"}],"wp:attachment":[{"href":"https:\/\/guiadenoticias.com.ar\/diario\/wp-json\/wp\/v2\/media?parent=14099"}],"wp:term":[{"taxonomy":"category","embeddable":true,"href":"https:\/\/guiadenoticias.com.ar\/diario\/wp-json\/wp\/v2\/categories?post=14099"},{"taxonomy":"post_tag","embeddable":true,"href":"https:\/\/guiadenoticias.com.ar\/diario\/wp-json\/wp\/v2\/tags?post=14099"}],"curies":[{"name":"wp","href":"https:\/\/api.w.org\/{rel}","templated":true}]}}