{"id":14147,"date":"2019-11-27T00:31:52","date_gmt":"2019-11-27T03:31:52","guid":{"rendered":"https:\/\/guiadenoticias.com.ar\/diario\/?p=14147"},"modified":"2019-11-27T00:31:52","modified_gmt":"2019-11-27T03:31:52","slug":"abrio-el-parque-publico-del-golf-de-villa-adelina","status":"publish","type":"post","link":"https:\/\/guiadenoticias.com.ar\/diario\/abrio-el-parque-publico-del-golf-de-villa-adelina\/","title":{"rendered":"Abri\u00f3 el parque p\u00fablico del Golf de Villa Adelina"},"content":{"rendered":"<p>El municipio de San Isidro organiz\u00f3 el s\u00e1bado un festejo junto con vecinos para celebrar la apertura del Parque P\u00fablico del Golf de Villa Adelina, un espacio verde ganado por la Comuna.<\/p>\n<p>El intendente Gustavo Posse estuvo presente y afirm\u00f3, \u201ces un d\u00eda hist\u00f3rico en San Isidro. Es un acierto de la comunidad de Villa Adelina, haber trabajado juntos para lograr que esto sea un espacio verde para todos\u201d.<\/p>\n<p>Leandro Martin, subsecretario de Espacio P\u00fablico, agreg\u00f3: \u201cSe impuso la voluntad del municipio y los vecinos para mantener este lugar, que sea un parque p\u00fablico, y as\u00ed desarrollar paulatinamente el proyecto que ideamos en conjunto, a partir del a\u00f1o que viene\u201d.<\/p>\n<p>Las actividades de dichos festejos consistieron en variet\u00e9 de circo, m\u00fasica en vivo, avistaje de aves, reconocimiento de \u00e1rboles, taller de compostaje, talleres de Colorearte, f\u00fatbol-tenis, f\u00fatbol reducido, campeonato de penales, mini voley, hockey, circuitos de entrenamiento, taller de running y zumba.<\/p>\n<p>Semanas atr\u00e1s, Posse firm\u00f3 con la Agencia de Administraci\u00f3n de Bienes del Estado (AABE) la cesi\u00f3n. A partir de ahora, este espacio de 22 hect\u00e1reas, ubicado en Drago y Panamericana y que pertenec\u00eda a la Armada, ser\u00e1 administrado por la Municipalidad, que junto con una mesa local desarrollar\u00e1n un proyecto para toda la comunidad.<\/p>\n","protected":false},"excerpt":{"rendered":"<p>El municipio de San Isidro organiz\u00f3 el s\u00e1bado un festejo junto con vecinos para celebrar la apertura del Parque P\u00fablico del Golf de Villa Adelina, un espacio verde ganado por la Comuna. El intendente Gustavo Posse estuvo presente y afirm\u00f3, \u201ces un d\u00eda hist\u00f3rico en San Isidro. Es un acierto de la comunidad de Villa [&hellip;]<\/p>\n","protected":false},"author":1,"featured_media":14148,"comment_status":"closed","ping_status":"open","sticky":false,"template":"","format":"standard","meta":{"footnotes":""},"categories":[19,20,21],"tags":[],"class_list":{"0":"post-14147","1":"post","2":"type-post","3":"status-publish","4":"format-standard","5":"has-post-thumbnail","7":"category-informacion-general","8":"category-municipios","9":"category-san-isidro"},"aioseo_notices":[],"_links":{"self":[{"href":"https:\/\/guiadenoticias.com.ar\/diario\/wp-json\/wp\/v2\/posts\/14147","targetHints":{"allow":["GET"]}}],"collection":[{"href":"https:\/\/guiadenoticias.com.ar\/diario\/wp-json\/wp\/v2\/posts"}],"about":[{"href":"https:\/\/guiadenoticias.com.ar\/diario\/wp-json\/wp\/v2\/types\/post"}],"author":[{"embeddable":true,"href":"https:\/\/guiadenoticias.com.ar\/diario\/wp-json\/wp\/v2\/users\/1"}],"replies":[{"embeddable":true,"href":"https:\/\/guiadenoticias.com.ar\/diario\/wp-json\/wp\/v2\/comments?post=14147"}],"version-history":[{"count":1,"href":"https:\/\/guiadenoticias.com.ar\/diario\/wp-json\/wp\/v2\/posts\/14147\/revisions"}],"predecessor-version":[{"id":14149,"href":"https:\/\/guiadenoticias.com.ar\/diario\/wp-json\/wp\/v2\/posts\/14147\/revisions\/14149"}],"wp:featuredmedia":[{"embeddable":true,"href":"https:\/\/guiadenoticias.com.ar\/diario\/wp-json\/wp\/v2\/media\/14148"}],"wp:attachment":[{"href":"https:\/\/guiadenoticias.com.ar\/diario\/wp-json\/wp\/v2\/media?parent=14147"}],"wp:term":[{"taxonomy":"category","embeddable":true,"href":"https:\/\/guiadenoticias.com.ar\/diario\/wp-json\/wp\/v2\/categories?post=14147"},{"taxonomy":"post_tag","embeddable":true,"href":"https:\/\/guiadenoticias.com.ar\/diario\/wp-json\/wp\/v2\/tags?post=14147"}],"curies":[{"name":"wp","href":"https:\/\/api.w.org\/{rel}","templated":true}]}}