{"id":14172,"date":"2019-12-01T21:44:58","date_gmt":"2019-12-02T00:44:58","guid":{"rendered":"https:\/\/guiadenoticias.com.ar\/diario\/?p=14172"},"modified":"2019-12-01T21:44:58","modified_gmt":"2019-12-02T00:44:58","slug":"posse-y-garavano-firmaron-convenio-de-contencion-a-victimas-de-violencia","status":"publish","type":"post","link":"https:\/\/guiadenoticias.com.ar\/diario\/posse-y-garavano-firmaron-convenio-de-contencion-a-victimas-de-violencia\/","title":{"rendered":"Posse y Garavano firmaron convenio de contenci\u00f3n a v\u00edctimas de violencia"},"content":{"rendered":"<p>El intendente de San Isidro, Gustavo Posse, y el ministro de Justicia de Naci\u00f3n, Germ\u00e1n Garavano, firmaron un convenio para nacionalizar la primera Gu\u00eda para V\u00edctimas del pa\u00eds que el municipio y la asociaci\u00f3n civil Madres del Dolor lanzaron a mediados de este a\u00f1o, y que contiene los pasos a seguir en caso de un hecho violento, derechos y garant\u00edas de las v\u00edctimas, y las etapas emocionales que pueden atravesar.<\/p>\n<p>\u201cPara nosotros, siempre es prioridad acompa\u00f1ar a las asociaciones de v\u00edctimas, y en este caso con una propuesta muy buena, con la que no dudamos en avanzar cuando nos presentaron la idea, que ahora gracias a este acuerdo va a llegar a todo el pa\u00eds\u201d, afirm\u00f3 Posse.<\/p>\n<p>Garavano agreg\u00f3 que \u201ces una iniciativa valiosa. San Isidro fue pionero con la publicaci\u00f3n de esta gu\u00eda para que todas las v\u00edctimas sepan qu\u00e9 derechos tienen, se sientan contenidas y conozcan c\u00f3mo actuar frente a una situaci\u00f3n as\u00ed. Ahora, vamos a nacionalizarla y difundirla por todo el pa\u00eds a trav\u00e9s de los centros nacionales de asistencia a las v\u00edctimas\u201d.<\/p>\n<p>Viviam Perrone, fundadora de Madres del Dolor, explic\u00f3: \u201cCon este convenio autorizamos a Naci\u00f3n a difundir la gu\u00eda. Es important\u00edsimo porque es un documento para v\u00edctimas de todo tipo de violencia. Es el ABC de qu\u00e9 pasos seguir en el medio de tanto dolor\u201d.<\/p>\n<p>Dicho material podr\u00e1 encontrarse en los centros nacionales de asistencia a las v\u00edctimas, comisar\u00edas, juzgados, fiscal\u00edas y hospitales, entre otros.<\/p>\n","protected":false},"excerpt":{"rendered":"<p>El intendente de San Isidro, Gustavo Posse, y el ministro de Justicia de Naci\u00f3n, Germ\u00e1n Garavano, firmaron un convenio para nacionalizar la primera Gu\u00eda para V\u00edctimas del pa\u00eds que el municipio y la asociaci\u00f3n civil Madres del Dolor lanzaron a mediados de este a\u00f1o, y que contiene los pasos a seguir en caso de un [&hellip;]<\/p>\n","protected":false},"author":1,"featured_media":14173,"comment_status":"closed","ping_status":"open","sticky":false,"template":"","format":"standard","meta":{"footnotes":""},"categories":[20,48,21],"tags":[],"class_list":{"0":"post-14172","1":"post","2":"type-post","3":"status-publish","4":"format-standard","5":"has-post-thumbnail","7":"category-municipios","8":"category-politica-argentina","9":"category-san-isidro"},"aioseo_notices":[],"_links":{"self":[{"href":"https:\/\/guiadenoticias.com.ar\/diario\/wp-json\/wp\/v2\/posts\/14172","targetHints":{"allow":["GET"]}}],"collection":[{"href":"https:\/\/guiadenoticias.com.ar\/diario\/wp-json\/wp\/v2\/posts"}],"about":[{"href":"https:\/\/guiadenoticias.com.ar\/diario\/wp-json\/wp\/v2\/types\/post"}],"author":[{"embeddable":true,"href":"https:\/\/guiadenoticias.com.ar\/diario\/wp-json\/wp\/v2\/users\/1"}],"replies":[{"embeddable":true,"href":"https:\/\/guiadenoticias.com.ar\/diario\/wp-json\/wp\/v2\/comments?post=14172"}],"version-history":[{"count":1,"href":"https:\/\/guiadenoticias.com.ar\/diario\/wp-json\/wp\/v2\/posts\/14172\/revisions"}],"predecessor-version":[{"id":14174,"href":"https:\/\/guiadenoticias.com.ar\/diario\/wp-json\/wp\/v2\/posts\/14172\/revisions\/14174"}],"wp:featuredmedia":[{"embeddable":true,"href":"https:\/\/guiadenoticias.com.ar\/diario\/wp-json\/wp\/v2\/media\/14173"}],"wp:attachment":[{"href":"https:\/\/guiadenoticias.com.ar\/diario\/wp-json\/wp\/v2\/media?parent=14172"}],"wp:term":[{"taxonomy":"category","embeddable":true,"href":"https:\/\/guiadenoticias.com.ar\/diario\/wp-json\/wp\/v2\/categories?post=14172"},{"taxonomy":"post_tag","embeddable":true,"href":"https:\/\/guiadenoticias.com.ar\/diario\/wp-json\/wp\/v2\/tags?post=14172"}],"curies":[{"name":"wp","href":"https:\/\/api.w.org\/{rel}","templated":true}]}}