{"id":14200,"date":"2019-12-05T01:50:24","date_gmt":"2019-12-05T04:50:24","guid":{"rendered":"https:\/\/guiadenoticias.com.ar\/diario\/?p=14200"},"modified":"2019-12-05T02:17:05","modified_gmt":"2019-12-05T05:17:05","slug":"el-concejo-si-aprobo-un-super-presupuesto","status":"publish","type":"post","link":"https:\/\/guiadenoticias.com.ar\/diario\/el-concejo-si-aprobo-un-super-presupuesto\/","title":{"rendered":"El Concejo SI aprob\u00f3 un s\u00faper presupuesto"},"content":{"rendered":"<p>En sesi\u00f3n extraordinaria, el Concejo Deliberante de San Isidro aprob\u00f3 el Presupuesto General de Gastos y C\u00e1lculo de Recursos para el Ejercicio 2020. Tras el debate, la votaci\u00f3n concluy\u00f3 con 17 votos a favor y 7 en contra.<\/p>\n<p>Seg\u00fan dijeron desde el oficialismo, \u201cel presupuesto previsto para el pr\u00f3ximo a\u00f1o fiscal persigue como objetivo la estabilidad, la eficiencia en la distribuci\u00f3n y el cuidado en el uso de los recursos\u201d. La cifra oscila los 17,5 mil millones de pesos.<\/p>\n<p>El presidente del HCD, Andr\u00e9s Rol\u00f3n, destac\u00f3 la vocaci\u00f3n de di\u00e1logo y la buena predisposici\u00f3n de la mayor\u00eda de los bloques.<\/p>\n<p>En cambio, el concejal del PRO Rodrigo Segu\u00edn apunt\u00f3 contra la oposici\u00f3n. \u201cQuiero destacar la mezquindad pol\u00edtica de cierta minor\u00eda sectaria que quiere dejar sin recursos al municipio\u201d. Y Mar\u00eda Eugenia Arena agreg\u00f3, \u201cquieren dejar sin recursos a los hospitales, sin colonias de vacaciones en los campos de deporte, sin patrulleros, sin cuidado a ni\u00f1os y adultos mayores, porque piensan que as\u00ed hacen da\u00f1o al intendente, pero el da\u00f1o es a los vecinos\u201d.<\/p>\n<p>Momentos antes tuvo lugar la asamblea de Mayores Contribuyentes, en la cual determinaron un aumento de tasas inicial de 35 % &#8211;\u00a0 20% en enero y 15% en marzo &#8211; . Acuerdo pol\u00edtico mediante, el proyecto que prosper\u00f3 fue el presentado por el Frente de Todos.\u00a0 Se faculta al Ejecutivo a realizar actualizaciones seg\u00fan la variaci\u00f3n inflacionaria.<\/p>\n","protected":false},"excerpt":{"rendered":"<p>En sesi\u00f3n extraordinaria, el Concejo Deliberante de San Isidro aprob\u00f3 el Presupuesto General de Gastos y C\u00e1lculo de Recursos para el Ejercicio 2020. Tras el debate, la votaci\u00f3n concluy\u00f3 con 17 votos a favor y 7 en contra. Seg\u00fan dijeron desde el oficialismo, \u201cel presupuesto previsto para el pr\u00f3ximo a\u00f1o fiscal persigue como objetivo la [&hellip;]<\/p>\n","protected":false},"author":1,"featured_media":14201,"comment_status":"closed","ping_status":"open","sticky":false,"template":"","format":"standard","meta":{"footnotes":""},"categories":[49,20,48,21],"tags":[],"class_list":{"0":"post-14200","1":"post","2":"type-post","3":"status-publish","4":"format-standard","5":"has-post-thumbnail","7":"category-economia-y-gremiales","8":"category-municipios","9":"category-politica-argentina","10":"category-san-isidro"},"aioseo_notices":[],"_links":{"self":[{"href":"https:\/\/guiadenoticias.com.ar\/diario\/wp-json\/wp\/v2\/posts\/14200","targetHints":{"allow":["GET"]}}],"collection":[{"href":"https:\/\/guiadenoticias.com.ar\/diario\/wp-json\/wp\/v2\/posts"}],"about":[{"href":"https:\/\/guiadenoticias.com.ar\/diario\/wp-json\/wp\/v2\/types\/post"}],"author":[{"embeddable":true,"href":"https:\/\/guiadenoticias.com.ar\/diario\/wp-json\/wp\/v2\/users\/1"}],"replies":[{"embeddable":true,"href":"https:\/\/guiadenoticias.com.ar\/diario\/wp-json\/wp\/v2\/comments?post=14200"}],"version-history":[{"count":2,"href":"https:\/\/guiadenoticias.com.ar\/diario\/wp-json\/wp\/v2\/posts\/14200\/revisions"}],"predecessor-version":[{"id":14207,"href":"https:\/\/guiadenoticias.com.ar\/diario\/wp-json\/wp\/v2\/posts\/14200\/revisions\/14207"}],"wp:featuredmedia":[{"embeddable":true,"href":"https:\/\/guiadenoticias.com.ar\/diario\/wp-json\/wp\/v2\/media\/14201"}],"wp:attachment":[{"href":"https:\/\/guiadenoticias.com.ar\/diario\/wp-json\/wp\/v2\/media?parent=14200"}],"wp:term":[{"taxonomy":"category","embeddable":true,"href":"https:\/\/guiadenoticias.com.ar\/diario\/wp-json\/wp\/v2\/categories?post=14200"},{"taxonomy":"post_tag","embeddable":true,"href":"https:\/\/guiadenoticias.com.ar\/diario\/wp-json\/wp\/v2\/tags?post=14200"}],"curies":[{"name":"wp","href":"https:\/\/api.w.org\/{rel}","templated":true}]}}