{"id":14260,"date":"2019-12-17T21:02:56","date_gmt":"2019-12-18T00:02:56","guid":{"rendered":"https:\/\/guiadenoticias.com.ar\/diario\/?p=14260"},"modified":"2019-12-17T21:02:56","modified_gmt":"2019-12-18T00:02:56","slug":"posse-marco-territorio-para-la-nueva-etapa-politica","status":"publish","type":"post","link":"https:\/\/guiadenoticias.com.ar\/diario\/posse-marco-territorio-para-la-nueva-etapa-politica\/","title":{"rendered":"Posse marc\u00f3 territorio para la nueva etapa pol\u00edtica"},"content":{"rendered":"<p>\u201cHoy es un d\u00eda de la democracia a lo largo de todo el pa\u00eds, hay nuevas autoridades en Naci\u00f3n, en Provincia y en buena parte de los municipios\u201d, festej\u00f3 el intendente Gustavo Posse, junto a los vecinos de San Isidro, al asumir su sexto mandato.<\/p>\n<p>Primero, el jefe comunal jur\u00f3 en el Concejo Deliberante frente a su presidente, Andr\u00e9s Rol\u00f3n, los ediles de los distintos espacios y funcionarios del Ejecutivo. Adem\u00e1s, el secretario del HCD, Jorge Villa Fisher, ley\u00f3 al p\u00fablico en detalle todo el trabajo que se realiz\u00f3 en el distrito durante los \u00faltimos cuatro a\u00f1os de gesti\u00f3n.<\/p>\n<p>En dicha jornada acompa\u00f1aron tambi\u00e9n el ex presidente de Diputados Emilio Monz\u00f3; los legisladores bonaerenses d\u00edscolos de Cambiemos Walter Carusso, Fernando P\u00e9rez, Guillermo Bard\u00f3n y Mart\u00edn Dom\u00ednguez Yelpo. Y la rectora de la Universidad Nacional de San Isidro, Adriana L\u00f3pez.<\/p>\n<p>Luego, el intendente sali\u00f3 a la calle y habl\u00f3 para todos los vecinos y vecinas. \u201cEstos cuatro a\u00f1os fueron dif\u00edciles, pero pudimos hacer mucho. La etapa que viene ser\u00e1 a\u00fan m\u00e1s complicada, por lo que nuestra presencia ser\u00e1 m\u00e1s fuerte y con mayor entrega para acompa\u00f1ar a los vecinos en todas las etapas de su vida, en todos los barrios y en todos los sectores sociales\u201d.<\/p>\n<p>Tambi\u00e9n, Posse reclam\u00f3 una mayor presencia de la polic\u00eda. \u201cSan Isidro es un mejor lugar para vivir en materia de seguridad porque cuidamos mucho la cuesti\u00f3n de la prevenci\u00f3n y colabora el patrullaje municipal, pero vamos a seguir con el reclamo de nuestra condici\u00f3n de bonaerenses para que tengamos la suficiente cantidad de polic\u00edas y cuidar de nuestra gente, porque esa es la igualdad que merecemos\u201d.<\/p>\n<p>Destac\u00f3 asimismo, \u201cpodemos acceder a condiciones de igualdad de oportunidades en materia de servicios educativos, transporte de pasajeros, accesibilidad a las herramientas del progreso, como educaci\u00f3n, deportes y trabajo\u201d.<\/p>\n<p>En di\u00e1logo con la prensa, el jefe comunal se refiri\u00f3 a las nuevas administraciones de Naci\u00f3n y de Provincia: \u201cTodav\u00eda no se les puede exigir nada porque asumieron reci\u00e9n. Por ejemplo, esto que nosotros le planteamos al gobierno que acaba de finalizar y que no nos atendieron es que necesitamos la cantidad de polic\u00edas suficientes, al igual que el resto de los municipios\u201d.<\/p>\n<p>Y a\u00f1adi\u00f3, \u201carticulamos con todo tipo de gobierno, ya sea en rol de oposici\u00f3n como de oficialismo. Confiamos en la madurez para garantizar los derechos de nuestros vecinos y continuar con las mejoras previstas. Esta misma madurez confiamos que estar\u00e1 presente tambi\u00e9n en nuestro Concejo Deliberante, con el que anhelamos trabajar para seguir dando respuesta a las necesidades y sue\u00f1os de los sanisidrenses\u201d.<\/p>\n<p>Adem\u00e1s, agreg\u00f3 que \u201cen los primeros pasos de esta gesti\u00f3n se le va a dar mucha importancia a los intendentes, cosa que no ocurri\u00f3 con nuestro gobierno. Tenemos que lograr que los municipios sean importantes, hay que poner los pies sobre la tierra y estar cerca de la gente. La situaci\u00f3n va a ser dif\u00edcil para todos, pero estamos preparados\u201d.<\/p>\n","protected":false},"excerpt":{"rendered":"<p>\u201cHoy es un d\u00eda de la democracia a lo largo de todo el pa\u00eds, hay nuevas autoridades en Naci\u00f3n, en Provincia y en buena parte de los municipios\u201d, festej\u00f3 el intendente Gustavo Posse, junto a los vecinos de San Isidro, al asumir su sexto mandato. Primero, el jefe comunal jur\u00f3 en el Concejo Deliberante frente [&hellip;]<\/p>\n","protected":false},"author":1,"featured_media":14261,"comment_status":"closed","ping_status":"open","sticky":false,"template":"","format":"standard","meta":{"footnotes":""},"categories":[20,48,21],"tags":[],"class_list":{"0":"post-14260","1":"post","2":"type-post","3":"status-publish","4":"format-standard","5":"has-post-thumbnail","7":"category-municipios","8":"category-politica-argentina","9":"category-san-isidro"},"aioseo_notices":[],"_links":{"self":[{"href":"https:\/\/guiadenoticias.com.ar\/diario\/wp-json\/wp\/v2\/posts\/14260","targetHints":{"allow":["GET"]}}],"collection":[{"href":"https:\/\/guiadenoticias.com.ar\/diario\/wp-json\/wp\/v2\/posts"}],"about":[{"href":"https:\/\/guiadenoticias.com.ar\/diario\/wp-json\/wp\/v2\/types\/post"}],"author":[{"embeddable":true,"href":"https:\/\/guiadenoticias.com.ar\/diario\/wp-json\/wp\/v2\/users\/1"}],"replies":[{"embeddable":true,"href":"https:\/\/guiadenoticias.com.ar\/diario\/wp-json\/wp\/v2\/comments?post=14260"}],"version-history":[{"count":1,"href":"https:\/\/guiadenoticias.com.ar\/diario\/wp-json\/wp\/v2\/posts\/14260\/revisions"}],"predecessor-version":[{"id":14262,"href":"https:\/\/guiadenoticias.com.ar\/diario\/wp-json\/wp\/v2\/posts\/14260\/revisions\/14262"}],"wp:featuredmedia":[{"embeddable":true,"href":"https:\/\/guiadenoticias.com.ar\/diario\/wp-json\/wp\/v2\/media\/14261"}],"wp:attachment":[{"href":"https:\/\/guiadenoticias.com.ar\/diario\/wp-json\/wp\/v2\/media?parent=14260"}],"wp:term":[{"taxonomy":"category","embeddable":true,"href":"https:\/\/guiadenoticias.com.ar\/diario\/wp-json\/wp\/v2\/categories?post=14260"},{"taxonomy":"post_tag","embeddable":true,"href":"https:\/\/guiadenoticias.com.ar\/diario\/wp-json\/wp\/v2\/tags?post=14260"}],"curies":[{"name":"wp","href":"https:\/\/api.w.org\/{rel}","templated":true}]}}