{"id":14303,"date":"2019-12-25T23:58:44","date_gmt":"2019-12-26T02:58:44","guid":{"rendered":"https:\/\/guiadenoticias.com.ar\/diario\/?p=14303"},"modified":"2019-12-25T23:58:44","modified_gmt":"2019-12-26T02:58:44","slug":"el-paseo-del-arte-cerro-el-ano-en-martinez","status":"publish","type":"post","link":"https:\/\/guiadenoticias.com.ar\/diario\/el-paseo-del-arte-cerro-el-ano-en-martinez\/","title":{"rendered":"\u201cEl paseo del arte\u201d cerr\u00f3 el a\u00f1o en Mart\u00ednez"},"content":{"rendered":"<p>En Eduardo Costa, entre Alvear y Lamarca, Mart\u00ednez, se realiz\u00f3 la \u00faltima edici\u00f3n del a\u00f1o de \u201cEl paseo del arte\u201d, una muestra en la cual m\u00e1s de 20 artistas de reconocida trayectoria pintaron y expusieron sus obras en la v\u00eda p\u00fablica. El evento se cerr\u00f3 a pura m\u00fasica con la artista internacional Coral Campopiano.<\/p>\n<p>El intendente Gustavo Posse y la ex esposa y albacea de Jorge Luis Borges, Mar\u00eda Kodama, recorrieron la muestra y dialogaron con los pintores. \u201cEs el cierre de una propuesta que a lo largo del a\u00f1o gener\u00f3 un circuito art\u00edstico y tur\u00edstico, en un lugar que tiene un encanto especial. Permiti\u00f3 visibilizar a los artistas y tambi\u00e9n promover el encuentro de la comunidad y el arte\u201d, afirm\u00f3 el jefe comunal.<\/p>\n<p>Kodama agreg\u00f3: \u201cUna de las cosas m\u00e1s importantes para el ser humano es tener contacto con el arte, ya sea a trav\u00e9s de la pintura o la escritura. Me encanta que los vecinos dialoguen con los artistas, y al mismo que tiempo que los adolescentes y j\u00f3venes pueden despertar su vocaci\u00f3n\u201d.<\/p>\n<p>La exposici\u00f3n, organizada por el municipio de San Isidro, que se llev\u00f3 a cabo durante los primeros s\u00e1bados de cada mes, ofreci\u00f3 un nuevo espacio para que los artistas pinten y generen interacci\u00f3n con los vecinos, acompa\u00f1ados con m\u00fasica de fondo de The Beatles.<\/p>\n<p>Alejandra Grayeb, vecina de Mart\u00ednez, que ide\u00f3 el Paseo del Arte, cont\u00f3 que quiso traer su experiencia de Europa. \u201cEsta es la ciudad ideal para el arte, aqu\u00ed se vive un ambiente familiar, relajado y seguro. Los artistas realizaron trabajos de dise\u00f1o a mano alzada que transmitieron el patrimonio cultural del distrito. Hicimos este edici\u00f3n extraordinaria por las fiestas, para que la gente pueda pasear, apreciar el arte y realizar compras\u201d.<\/p>\n<p>Tambi\u00e9n, adelant\u00f3 que la muestra volver\u00e1 a realizarse a partir de febrero del pr\u00f3ximo a\u00f1o.\u00a0 \u201cAs\u00ed como San Telmo es anticuario, de ahora en m\u00e1s Mart\u00ednez es arte\u201d, se\u00f1al\u00f3.<\/p>\n","protected":false},"excerpt":{"rendered":"<p>En Eduardo Costa, entre Alvear y Lamarca, Mart\u00ednez, se realiz\u00f3 la \u00faltima edici\u00f3n del a\u00f1o de \u201cEl paseo del arte\u201d, una muestra en la cual m\u00e1s de 20 artistas de reconocida trayectoria pintaron y expusieron sus obras en la v\u00eda p\u00fablica. El evento se cerr\u00f3 a pura m\u00fasica con la artista internacional Coral Campopiano. El [&hellip;]<\/p>\n","protected":false},"author":1,"featured_media":14304,"comment_status":"closed","ping_status":"open","sticky":false,"template":"","format":"standard","meta":{"footnotes":""},"categories":[50,19,20,21],"tags":[],"class_list":{"0":"post-14303","1":"post","2":"type-post","3":"status-publish","4":"format-standard","5":"has-post-thumbnail","7":"category-cultura","8":"category-informacion-general","9":"category-municipios","10":"category-san-isidro"},"aioseo_notices":[],"_links":{"self":[{"href":"https:\/\/guiadenoticias.com.ar\/diario\/wp-json\/wp\/v2\/posts\/14303","targetHints":{"allow":["GET"]}}],"collection":[{"href":"https:\/\/guiadenoticias.com.ar\/diario\/wp-json\/wp\/v2\/posts"}],"about":[{"href":"https:\/\/guiadenoticias.com.ar\/diario\/wp-json\/wp\/v2\/types\/post"}],"author":[{"embeddable":true,"href":"https:\/\/guiadenoticias.com.ar\/diario\/wp-json\/wp\/v2\/users\/1"}],"replies":[{"embeddable":true,"href":"https:\/\/guiadenoticias.com.ar\/diario\/wp-json\/wp\/v2\/comments?post=14303"}],"version-history":[{"count":1,"href":"https:\/\/guiadenoticias.com.ar\/diario\/wp-json\/wp\/v2\/posts\/14303\/revisions"}],"predecessor-version":[{"id":14305,"href":"https:\/\/guiadenoticias.com.ar\/diario\/wp-json\/wp\/v2\/posts\/14303\/revisions\/14305"}],"wp:featuredmedia":[{"embeddable":true,"href":"https:\/\/guiadenoticias.com.ar\/diario\/wp-json\/wp\/v2\/media\/14304"}],"wp:attachment":[{"href":"https:\/\/guiadenoticias.com.ar\/diario\/wp-json\/wp\/v2\/media?parent=14303"}],"wp:term":[{"taxonomy":"category","embeddable":true,"href":"https:\/\/guiadenoticias.com.ar\/diario\/wp-json\/wp\/v2\/categories?post=14303"},{"taxonomy":"post_tag","embeddable":true,"href":"https:\/\/guiadenoticias.com.ar\/diario\/wp-json\/wp\/v2\/tags?post=14303"}],"curies":[{"name":"wp","href":"https:\/\/api.w.org\/{rel}","templated":true}]}}