{"id":14308,"date":"2019-12-26T14:17:40","date_gmt":"2019-12-26T17:17:40","guid":{"rendered":"https:\/\/guiadenoticias.com.ar\/diario\/?p=14308"},"modified":"2019-12-26T14:18:10","modified_gmt":"2019-12-26T17:18:10","slug":"el-municipio-sm-beneficio-a-3-mil-trabajadores-con-microcreditos","status":"publish","type":"post","link":"https:\/\/guiadenoticias.com.ar\/diario\/el-municipio-sm-beneficio-a-3-mil-trabajadores-con-microcreditos\/","title":{"rendered":"El municipio SM benefici\u00f3 a 3 mil trabajadores con microcr\u00e9ditos"},"content":{"rendered":"<p>A trav\u00e9s del Fondo de Financiamiento Solidario, el municipio de San Mart\u00edn otorg\u00f3 26 nuevos microcr\u00e9ditos a cooperativas y emprendedores, para estimular actividades econ\u00f3micamente productivas.<\/p>\n<p>Adem\u00e1s, durante el encuentro que se realiz\u00f3 en el Complejo Cultural Plaza, entregaron el cr\u00e9dito N\u00b0 900 a la Pizzer\u00eda Ale de Barrio Libertador y un reconocimiento al trabajador autogestionado N\u00b0 3000, de la Cooperativa Norte.<\/p>\n<p>En ese sentido, mediante la iniciativa llevada a cabo por la Direcci\u00f3n General de Econom\u00eda Social y Solidaria, dependiente de la Secretar\u00eda de Desarrollo Social, ya se asign\u00f3 un total de 1.132.000 de pesos, a trabajadores autogestivos.<\/p>\n<p>Tambi\u00e9n, la Comuna adjudic\u00f3 cr\u00e9ditos para que las familias mejoren sus viviendas con la realizaci\u00f3n de ampliaciones, arreglos o nuevas construcciones.<\/p>\n<p>Al finalizar el acto, el intendente Fernando Moreira, el secretario de Desarrollo Social, Oscar Mintegu\u00eda, el director General de la Econom\u00eda Social y Solidaria, Marcelo Torrano, y el coordinador de la Comisi\u00f3n Nacional de Microcr\u00e9ditos (CONAMI), Alberto Gandulfo, recorrieron la Feria Manos de San Mart\u00edn, que convoca a productores locales y regionales.<\/p>\n<p>Esta acci\u00f3n se enmarca en una estrategia integral de financiamiento, que cuenta tambi\u00e9n con el Programa Construir Dignidad y el Fondo de Financiamiento Monse\u00f1or Enrique Angelelli, destinado al mejoramiento habitacional progresivo.<\/p>\n","protected":false},"excerpt":{"rendered":"<p>A trav\u00e9s del Fondo de Financiamiento Solidario, el municipio de San Mart\u00edn otorg\u00f3 26 nuevos microcr\u00e9ditos a cooperativas y emprendedores, para estimular actividades econ\u00f3micamente productivas. Adem\u00e1s, durante el encuentro que se realiz\u00f3 en el Complejo Cultural Plaza, entregaron el cr\u00e9dito N\u00b0 900 a la Pizzer\u00eda Ale de Barrio Libertador y un reconocimiento al trabajador autogestionado [&hellip;]<\/p>\n","protected":false},"author":1,"featured_media":14309,"comment_status":"closed","ping_status":"open","sticky":false,"template":"","format":"standard","meta":{"footnotes":""},"categories":[49,20,24],"tags":[],"class_list":{"0":"post-14308","1":"post","2":"type-post","3":"status-publish","4":"format-standard","5":"has-post-thumbnail","7":"category-economia-y-gremiales","8":"category-municipios","9":"category-san-martin"},"aioseo_notices":[],"_links":{"self":[{"href":"https:\/\/guiadenoticias.com.ar\/diario\/wp-json\/wp\/v2\/posts\/14308","targetHints":{"allow":["GET"]}}],"collection":[{"href":"https:\/\/guiadenoticias.com.ar\/diario\/wp-json\/wp\/v2\/posts"}],"about":[{"href":"https:\/\/guiadenoticias.com.ar\/diario\/wp-json\/wp\/v2\/types\/post"}],"author":[{"embeddable":true,"href":"https:\/\/guiadenoticias.com.ar\/diario\/wp-json\/wp\/v2\/users\/1"}],"replies":[{"embeddable":true,"href":"https:\/\/guiadenoticias.com.ar\/diario\/wp-json\/wp\/v2\/comments?post=14308"}],"version-history":[{"count":1,"href":"https:\/\/guiadenoticias.com.ar\/diario\/wp-json\/wp\/v2\/posts\/14308\/revisions"}],"predecessor-version":[{"id":14310,"href":"https:\/\/guiadenoticias.com.ar\/diario\/wp-json\/wp\/v2\/posts\/14308\/revisions\/14310"}],"wp:featuredmedia":[{"embeddable":true,"href":"https:\/\/guiadenoticias.com.ar\/diario\/wp-json\/wp\/v2\/media\/14309"}],"wp:attachment":[{"href":"https:\/\/guiadenoticias.com.ar\/diario\/wp-json\/wp\/v2\/media?parent=14308"}],"wp:term":[{"taxonomy":"category","embeddable":true,"href":"https:\/\/guiadenoticias.com.ar\/diario\/wp-json\/wp\/v2\/categories?post=14308"},{"taxonomy":"post_tag","embeddable":true,"href":"https:\/\/guiadenoticias.com.ar\/diario\/wp-json\/wp\/v2\/tags?post=14308"}],"curies":[{"name":"wp","href":"https:\/\/api.w.org\/{rel}","templated":true}]}}