{"id":14330,"date":"2019-12-29T20:44:53","date_gmt":"2019-12-29T23:44:53","guid":{"rendered":"https:\/\/guiadenoticias.com.ar\/diario\/?p=14330"},"modified":"2019-12-29T20:44:53","modified_gmt":"2019-12-29T23:44:53","slug":"nuevo-homenaje-en-ituzaingo-a-las-victimas-de-cromanon","status":"publish","type":"post","link":"https:\/\/guiadenoticias.com.ar\/diario\/nuevo-homenaje-en-ituzaingo-a-las-victimas-de-cromanon\/","title":{"rendered":"Nuevo homenaje en Ituzaing\u00f3 a las v\u00edctimas de Croma\u00f1\u00f3n"},"content":{"rendered":"<p>En un acto en el que participaron la directora de Promoci\u00f3n de Derechos Humanos y Memoria, Aldana R\u00edos, y el presidente del Concejo Deliberante, Pablo Piana, se llev\u00f3 a cabo el homenaje, en la plaza \u201cLos pibes de Croma\u00f1\u00f3n, Ceci y Luis\u201d, en memoria de los vecinos y vecinas de Ituzaing\u00f3 que murieron en 2004.<\/p>\n<p>Durante la actividad plantaron dos \u00e1rboles en memoria de Luis Z\u00e1rate y Cecilia Roumieux, quienes fallecieron aquella noche, y 194 plantines en conmemoraci\u00f3n de todos los y las j\u00f3venes que no pudieron sobrevivir al incendio originado en el recital de Callejeros ese 30 de diciembre.<\/p>\n<p>\u201cEl compromiso pol\u00edtico del intendente y del municipio es recordar, abrazar y contener a los familiares. Hoy nuestra consigna es \u2018aqu\u00ed los sembramos, no los olvidamos\u2019; el Estado debe ser conciente de que los j\u00f3venes tienen derecho a salir, a divertirse y volver a sus casas, en las mismas condiciones que salieron\u201d, se\u00f1al\u00f3 R\u00edos.<\/p>\n<p>\u201cPara nosotros hacer memoria como pueblo es nuestra manera de hacer justicia, de hacer que la historia no se vuelva a repetir. Hacemos memoria para reivindicar la vida, para una generaci\u00f3n atravesada por esta terrible tragedia\u201d, destac\u00f3 Aim\u00e9 Ere\u00f1\u00fa, directora de Juventud. Y Sof\u00eda, hermana de Cecilia Roumieux, cont\u00f3 que \u201cson muchos a\u00f1os de dolor, de lucha, y agradezco al municipio porque nos ayudan a seguir y a concientizar con esta clase de espacios, o en la radio\u201d.<\/p>\n","protected":false},"excerpt":{"rendered":"<p>En un acto en el que participaron la directora de Promoci\u00f3n de Derechos Humanos y Memoria, Aldana R\u00edos, y el presidente del Concejo Deliberante, Pablo Piana, se llev\u00f3 a cabo el homenaje, en la plaza \u201cLos pibes de Croma\u00f1\u00f3n, Ceci y Luis\u201d, en memoria de los vecinos y vecinas de Ituzaing\u00f3 que murieron en 2004. [&hellip;]<\/p>\n","protected":false},"author":1,"featured_media":14331,"comment_status":"closed","ping_status":"open","sticky":false,"template":"","format":"standard","meta":{"footnotes":""},"categories":[19,29,20],"tags":[],"class_list":{"0":"post-14330","1":"post","2":"type-post","3":"status-publish","4":"format-standard","5":"has-post-thumbnail","7":"category-informacion-general","8":"category-ituzaingo","9":"category-municipios"},"aioseo_notices":[],"_links":{"self":[{"href":"https:\/\/guiadenoticias.com.ar\/diario\/wp-json\/wp\/v2\/posts\/14330","targetHints":{"allow":["GET"]}}],"collection":[{"href":"https:\/\/guiadenoticias.com.ar\/diario\/wp-json\/wp\/v2\/posts"}],"about":[{"href":"https:\/\/guiadenoticias.com.ar\/diario\/wp-json\/wp\/v2\/types\/post"}],"author":[{"embeddable":true,"href":"https:\/\/guiadenoticias.com.ar\/diario\/wp-json\/wp\/v2\/users\/1"}],"replies":[{"embeddable":true,"href":"https:\/\/guiadenoticias.com.ar\/diario\/wp-json\/wp\/v2\/comments?post=14330"}],"version-history":[{"count":1,"href":"https:\/\/guiadenoticias.com.ar\/diario\/wp-json\/wp\/v2\/posts\/14330\/revisions"}],"predecessor-version":[{"id":14332,"href":"https:\/\/guiadenoticias.com.ar\/diario\/wp-json\/wp\/v2\/posts\/14330\/revisions\/14332"}],"wp:featuredmedia":[{"embeddable":true,"href":"https:\/\/guiadenoticias.com.ar\/diario\/wp-json\/wp\/v2\/media\/14331"}],"wp:attachment":[{"href":"https:\/\/guiadenoticias.com.ar\/diario\/wp-json\/wp\/v2\/media?parent=14330"}],"wp:term":[{"taxonomy":"category","embeddable":true,"href":"https:\/\/guiadenoticias.com.ar\/diario\/wp-json\/wp\/v2\/categories?post=14330"},{"taxonomy":"post_tag","embeddable":true,"href":"https:\/\/guiadenoticias.com.ar\/diario\/wp-json\/wp\/v2\/tags?post=14330"}],"curies":[{"name":"wp","href":"https:\/\/api.w.org\/{rel}","templated":true}]}}