{"id":14355,"date":"2020-01-07T19:55:18","date_gmt":"2020-01-07T22:55:18","guid":{"rendered":"https:\/\/guiadenoticias.com.ar\/diario\/?p=14355"},"modified":"2020-01-07T19:55:18","modified_gmt":"2020-01-07T22:55:18","slug":"cientos-de-vecinos-consiguieron-trabajo-con-la-agencia-de-empleo","status":"publish","type":"post","link":"https:\/\/guiadenoticias.com.ar\/diario\/cientos-de-vecinos-consiguieron-trabajo-con-la-agencia-de-empleo\/","title":{"rendered":"Cientos de vecinos consiguieron trabajo con la Agencia de Empleo"},"content":{"rendered":"<p>En 2019, la Direcci\u00f3n de Empleo y Trabajo Autogestivo de San Mart\u00edn atendi\u00f3 a 26.361 vecinos y vecinas que se acercaron a consultar sobre los programas de empleo, servicios de orientaci\u00f3n, b\u00fasquedas laborales y cursos de capacitaci\u00f3n.<\/p>\n<p>Dicha direcci\u00f3n, perteneciente a la Agencia para la Promoci\u00f3n del Empleo y la Capacitaci\u00f3n Laboral, cuenta con un equipo de profesionales que ofrecen herramientas para realizar el v\u00ednculo entre la oferta y la demanda de empleo; adem\u00e1s, asesora a quienes buscan emprender una actividad autogestionada.<\/p>\n<p>Por su parte, el \u00e1rea de Intermediaci\u00f3n Laboral, dedicada a incentivar en el \u00e1mbito privado la contrataci\u00f3n de vecinos y vecinas de San Mart\u00edn, trabaj\u00f3 durante todo el a\u00f1o junto a 152 empresas que recurrieron a esta opci\u00f3n para sus b\u00fasquedas laborales en servicios de seguridad, metal\u00fargica, textil, qu\u00edmica cosm\u00e9tica, gastronom\u00eda, entre otros oficios.<\/p>\n<p>En ese sentido, 3.489 personas fueron contactadas para entrevistas. De ese total, 1.812 lograron pasar a una segunda instancia de entrevistas y 669 consiguieron trabajo.<\/p>\n<p>Al respecto, el director de Empleo y Trabajo Autogestivo, Sergio Giovannini, destac\u00f3: \u201cEn un contexto de fuerte retracci\u00f3n del mercado laboral, desde el municipio acercamos distintas herramientas y programas a las Pymes y los comercios de San Mart\u00edn, para fomentar la inserci\u00f3n laboral y vincular la oferta y la demanda de trabajo\u201d.<\/p>\n<p>En total, 9.200 vecinos y vecinas cargaron su curr\u00edculum para participar de la bolsa de empleo a trav\u00e9s de: empleo.sanmartin.gov.ar.<\/p>\n<p>Asimismo, m\u00e1s de 100 adultos se capacitaron en los Centros de Formaci\u00f3n Profesional; 1.500 trabajadores autogestivos recibieron asesoramiento en materia impositiva y contable; 340 j\u00f3venes de entre 18 a 24 a\u00f1os asistieron a los diferentes cursos de introducci\u00f3n al trabajo; y se organizaron m\u00e1s de 30 talleres de orientaci\u00f3n laboral y b\u00fasqueda de empleo para alumnos de 6\u00b0 y 7\u00b0 a\u00f1o de escuelas secundarias, t\u00e9cnicas, Fines y organizaciones sociales.<\/p>\n","protected":false},"excerpt":{"rendered":"<p>En 2019, la Direcci\u00f3n de Empleo y Trabajo Autogestivo de San Mart\u00edn atendi\u00f3 a 26.361 vecinos y vecinas que se acercaron a consultar sobre los programas de empleo, servicios de orientaci\u00f3n, b\u00fasquedas laborales y cursos de capacitaci\u00f3n. Dicha direcci\u00f3n, perteneciente a la Agencia para la Promoci\u00f3n del Empleo y la Capacitaci\u00f3n Laboral, cuenta con un [&hellip;]<\/p>\n","protected":false},"author":1,"featured_media":14356,"comment_status":"closed","ping_status":"open","sticky":false,"template":"","format":"standard","meta":{"footnotes":""},"categories":[49,20,24],"tags":[],"class_list":{"0":"post-14355","1":"post","2":"type-post","3":"status-publish","4":"format-standard","5":"has-post-thumbnail","7":"category-economia-y-gremiales","8":"category-municipios","9":"category-san-martin"},"aioseo_notices":[],"_links":{"self":[{"href":"https:\/\/guiadenoticias.com.ar\/diario\/wp-json\/wp\/v2\/posts\/14355","targetHints":{"allow":["GET"]}}],"collection":[{"href":"https:\/\/guiadenoticias.com.ar\/diario\/wp-json\/wp\/v2\/posts"}],"about":[{"href":"https:\/\/guiadenoticias.com.ar\/diario\/wp-json\/wp\/v2\/types\/post"}],"author":[{"embeddable":true,"href":"https:\/\/guiadenoticias.com.ar\/diario\/wp-json\/wp\/v2\/users\/1"}],"replies":[{"embeddable":true,"href":"https:\/\/guiadenoticias.com.ar\/diario\/wp-json\/wp\/v2\/comments?post=14355"}],"version-history":[{"count":1,"href":"https:\/\/guiadenoticias.com.ar\/diario\/wp-json\/wp\/v2\/posts\/14355\/revisions"}],"predecessor-version":[{"id":14357,"href":"https:\/\/guiadenoticias.com.ar\/diario\/wp-json\/wp\/v2\/posts\/14355\/revisions\/14357"}],"wp:featuredmedia":[{"embeddable":true,"href":"https:\/\/guiadenoticias.com.ar\/diario\/wp-json\/wp\/v2\/media\/14356"}],"wp:attachment":[{"href":"https:\/\/guiadenoticias.com.ar\/diario\/wp-json\/wp\/v2\/media?parent=14355"}],"wp:term":[{"taxonomy":"category","embeddable":true,"href":"https:\/\/guiadenoticias.com.ar\/diario\/wp-json\/wp\/v2\/categories?post=14355"},{"taxonomy":"post_tag","embeddable":true,"href":"https:\/\/guiadenoticias.com.ar\/diario\/wp-json\/wp\/v2\/tags?post=14355"}],"curies":[{"name":"wp","href":"https:\/\/api.w.org\/{rel}","templated":true}]}}