{"id":14363,"date":"2020-01-12T18:39:08","date_gmt":"2020-01-12T21:39:08","guid":{"rendered":"https:\/\/guiadenoticias.com.ar\/diario\/?p=14363"},"modified":"2020-01-12T18:39:08","modified_gmt":"2020-01-12T21:39:08","slug":"posse-la-ley-impositiva-no-conformo-a-nadie","status":"publish","type":"post","link":"https:\/\/guiadenoticias.com.ar\/diario\/posse-la-ley-impositiva-no-conformo-a-nadie\/","title":{"rendered":"Posse: \u201cLa ley impositiva no conform\u00f3 a nadie\u201d"},"content":{"rendered":"<p>Finalmente, tras intensas negociaciones entre el oficialismo y la oposici\u00f3n, la Legislatura bonaerense sancion\u00f3 la Ley Impositiva impulsada por el gobierno encabezado por Axel Kicillof.\u00a0 En ese sentido, el intendente de San Isidro, Gustavo Posse, celebr\u00f3 su aprobaci\u00f3n, pero rechaz\u00f3 las subas del 75% en los impuestos Inmobiliario Urbano y Rural, impulsadas por el Frente de Todos.<\/p>\n<p>\u201cEsta ley no conform\u00f3 a nadie. Las modificaciones del proyecto original no son del agrado del gobernador Kicillof y nosotros no estamos de acuerdo con el aumento del 75% del inmobiliario urbano y rural que excede la inflaci\u00f3n\u201d, expres\u00f3 el jefe comunal.<\/p>\n<p>Adem\u00e1s, remarc\u00f3: \u201cEs importante que como oposici\u00f3n hayamos aportado a la gobernabilidad. Es bueno el intercambio de opiniones y modificaciones en un proyecto tan importante. Sin embargo, si hablamos de lo m\u00e1s importante que es el bolsillo de la gente, hay que reconocer que no logramos imponernos como se deb\u00eda\u201d.<\/p>\n<p>Posse expres\u00f3 su conformidad por la manera de actuar de los legisladores del bloque Cambio Federal. En efecto, los diputados possistas Walter Carusso y Fernando P\u00e9rez, y quienes est\u00e1n alineados con Monz\u00f3, Mart\u00edn Rodr\u00edguez Yelpo, Guillermo Bard\u00f3n y Mar\u00eda Elena Torresi, votaron en soledad en contra del aumento del 75%, a diferencia de sus pares de Cambiemos.<\/p>\n<p>\u201cCon nuestros legisladores siempre se busc\u00f3 atender los asuntos de los vecinos y de los municipios, garantizando la gobernabilidad. Respeto al Ejecutivo provincial en el sentido de la necesidad que tiene y c\u00f3mo encara una situaci\u00f3n dif\u00edcil en la provincia De Buenos Aires, pero insisto en que no tengo la misma interpretaci\u00f3n de la aplicaci\u00f3n de este aumento\u201d, destac\u00f3.<\/p>\n<p>El intendente agreg\u00f3, \u201cen la propuesta que se vot\u00f3 hay casi 270 mil contribuyentes del impuesto Inmobiliario Urbano que van a pagar el 75% de aumento. Nosotros insistimos que esa suba debe ser aplicada a las propiedades con una valuaci\u00f3n fiscal superior a 2.250.000 de pesos, como lo hicimos en 2018, y que en el caso que se abone en una cuota contado antes del 31 de marzo del corriente a\u00f1o, la suba sea del 55%\u201d.<\/p>\n","protected":false},"excerpt":{"rendered":"<p>Finalmente, tras intensas negociaciones entre el oficialismo y la oposici\u00f3n, la Legislatura bonaerense sancion\u00f3 la Ley Impositiva impulsada por el gobierno encabezado por Axel Kicillof.\u00a0 En ese sentido, el intendente de San Isidro, Gustavo Posse, celebr\u00f3 su aprobaci\u00f3n, pero rechaz\u00f3 las subas del 75% en los impuestos Inmobiliario Urbano y Rural, impulsadas por el Frente [&hellip;]<\/p>\n","protected":false},"author":1,"featured_media":14364,"comment_status":"closed","ping_status":"open","sticky":false,"template":"","format":"standard","meta":{"footnotes":""},"categories":[49,20,48,31,21],"tags":[],"class_list":{"0":"post-14363","1":"post","2":"type-post","3":"status-publish","4":"format-standard","5":"has-post-thumbnail","7":"category-economia-y-gremiales","8":"category-municipios","9":"category-politica-argentina","10":"category-provincia","11":"category-san-isidro"},"aioseo_notices":[],"_links":{"self":[{"href":"https:\/\/guiadenoticias.com.ar\/diario\/wp-json\/wp\/v2\/posts\/14363","targetHints":{"allow":["GET"]}}],"collection":[{"href":"https:\/\/guiadenoticias.com.ar\/diario\/wp-json\/wp\/v2\/posts"}],"about":[{"href":"https:\/\/guiadenoticias.com.ar\/diario\/wp-json\/wp\/v2\/types\/post"}],"author":[{"embeddable":true,"href":"https:\/\/guiadenoticias.com.ar\/diario\/wp-json\/wp\/v2\/users\/1"}],"replies":[{"embeddable":true,"href":"https:\/\/guiadenoticias.com.ar\/diario\/wp-json\/wp\/v2\/comments?post=14363"}],"version-history":[{"count":1,"href":"https:\/\/guiadenoticias.com.ar\/diario\/wp-json\/wp\/v2\/posts\/14363\/revisions"}],"predecessor-version":[{"id":14365,"href":"https:\/\/guiadenoticias.com.ar\/diario\/wp-json\/wp\/v2\/posts\/14363\/revisions\/14365"}],"wp:featuredmedia":[{"embeddable":true,"href":"https:\/\/guiadenoticias.com.ar\/diario\/wp-json\/wp\/v2\/media\/14364"}],"wp:attachment":[{"href":"https:\/\/guiadenoticias.com.ar\/diario\/wp-json\/wp\/v2\/media?parent=14363"}],"wp:term":[{"taxonomy":"category","embeddable":true,"href":"https:\/\/guiadenoticias.com.ar\/diario\/wp-json\/wp\/v2\/categories?post=14363"},{"taxonomy":"post_tag","embeddable":true,"href":"https:\/\/guiadenoticias.com.ar\/diario\/wp-json\/wp\/v2\/tags?post=14363"}],"curies":[{"name":"wp","href":"https:\/\/api.w.org\/{rel}","templated":true}]}}