{"id":14411,"date":"2020-01-21T15:52:04","date_gmt":"2020-01-21T18:52:04","guid":{"rendered":"https:\/\/guiadenoticias.com.ar\/diario\/?p=14411"},"modified":"2020-01-21T15:52:04","modified_gmt":"2020-01-21T18:52:04","slug":"posse-sube-el-perfil-ante-reposicionamientos-politicos","status":"publish","type":"post","link":"https:\/\/guiadenoticias.com.ar\/diario\/posse-sube-el-perfil-ante-reposicionamientos-politicos\/","title":{"rendered":"Posse sube el perfil ante reposicionamientos pol\u00edticos"},"content":{"rendered":"<p>Con el nuevo mapa pol\u00edtico, en el cual Juntos por el Cambio es oposici\u00f3n en Naci\u00f3n y Provincia, los intendentes bonaerenses de dicho espacio reperfilan sus estrategias. En el caso del jefe comunal de San Isidro opt\u00f3 por un perfil alto, con cr\u00edticas recargadas al frente de Todos y advertencias hacia el interior de JxC.<\/p>\n<p>La semana comenz\u00f3 con un golpe de efecto. Gustavo Posse envi\u00f3 una carta por mail a los y las vecinas en la que apunta al aumento del impuesto inmobiliario, que llama \u00abimpuestazo injusto\u00bb.<\/p>\n<p>All\u00ed destaca que \u00aben los pr\u00f3ximos d\u00edas estar\u00e1s recibiendo la boleta de ARBA que env\u00eda y cobra la provincia de Buenos Aires. Estas boletas del impuesto inmobiliario vendr\u00e1n con fuertes aumentos de hasta un 75%. Quiero contarte que cuando el gobernador Axel Kicillof present\u00f3 esta propuesta de aumento en la Legislatura de Buenos Aires, los cinco diputados que me son cercanos, dentro de Cambiemos, votaron en contra de esta suba porque afecta a muchos contribuyentes con ajustes muy por encima de la inflaci\u00f3n\u201d.<\/p>\n<p>Pero, env\u00eda tambi\u00e9n un mensaje a propios: \u00abLamentablemente fueron s\u00f3lo estos cinco diputados los que se opusieron y propusieron que se cobrase esta suba a un m\u00ednimo porcentaje de los propietarios de viviendas de la m\u00e1s alta valuaci\u00f3n. El resto de los legisladores vot\u00f3 por un aumento que impacta en un universo mayor de contribuyentes\u00bb.<\/p>\n<p>En la nota, Posse contradice asimismo a quienes responden con cr\u00edticas al incremento en las tasas municipales. \u00abEn San Isidro aumentamos un 20% el ABL en enero, muy por debajo de la inflaci\u00f3n 2019, porque comprendemos el esfuerzo que los vecinos hacen para mantener o mejorar su calidad de vida\u00bb.<\/p>\n<p>D\u00edas antes, en declaraciones en el canal LN+, \u00a0confirm\u00f3 su deseo de ser candidato a presidente de la UCR de la provincia de Buenos Aires. \u201cCuando sos intendente y m\u00e1s en un lugar tan exigente como San Isidro, no pod\u00e9s distraerte. Si fuese necesario que sea candidato a presidente del radicalismo de la provincia de Buenos Aires para ayudar a fortalecer Cambiemos sin duda lo har\u00eda\u201d.<\/p>\n<p>Adem\u00e1s, en referencia a Mar\u00eda Eugenia Vidal expres\u00f3 recientemente que en Provincia \u201cya no existe m\u00e1s ese liderazgo. Y lo que no puede existir es que parte de dirigentes ajenos al radicalismo no esperen a la renovaci\u00f3n que toca este a\u00f1o en la UCR, que es en octubre. El radicalismo de Buenos Aires tiene que ser un radicalismo fuerte, erguido, con verdadera vocaci\u00f3n de pertenencia en Cambiemos pero un radicalismo impulsor. El radicalismo es la columna vertebral de Cambiemos\u201d.<\/p>\n","protected":false},"excerpt":{"rendered":"<p>Con el nuevo mapa pol\u00edtico, en el cual Juntos por el Cambio es oposici\u00f3n en Naci\u00f3n y Provincia, los intendentes bonaerenses de dicho espacio reperfilan sus estrategias. En el caso del jefe comunal de San Isidro opt\u00f3 por un perfil alto, con cr\u00edticas recargadas al frente de Todos y advertencias hacia el interior de JxC. [&hellip;]<\/p>\n","protected":false},"author":1,"featured_media":5281,"comment_status":"closed","ping_status":"open","sticky":false,"template":"","format":"standard","meta":{"footnotes":""},"categories":[20,48,31,21],"tags":[],"class_list":{"0":"post-14411","1":"post","2":"type-post","3":"status-publish","4":"format-standard","5":"has-post-thumbnail","7":"category-municipios","8":"category-politica-argentina","9":"category-provincia","10":"category-san-isidro"},"aioseo_notices":[],"_links":{"self":[{"href":"https:\/\/guiadenoticias.com.ar\/diario\/wp-json\/wp\/v2\/posts\/14411","targetHints":{"allow":["GET"]}}],"collection":[{"href":"https:\/\/guiadenoticias.com.ar\/diario\/wp-json\/wp\/v2\/posts"}],"about":[{"href":"https:\/\/guiadenoticias.com.ar\/diario\/wp-json\/wp\/v2\/types\/post"}],"author":[{"embeddable":true,"href":"https:\/\/guiadenoticias.com.ar\/diario\/wp-json\/wp\/v2\/users\/1"}],"replies":[{"embeddable":true,"href":"https:\/\/guiadenoticias.com.ar\/diario\/wp-json\/wp\/v2\/comments?post=14411"}],"version-history":[{"count":2,"href":"https:\/\/guiadenoticias.com.ar\/diario\/wp-json\/wp\/v2\/posts\/14411\/revisions"}],"predecessor-version":[{"id":14430,"href":"https:\/\/guiadenoticias.com.ar\/diario\/wp-json\/wp\/v2\/posts\/14411\/revisions\/14430"}],"wp:featuredmedia":[{"embeddable":true,"href":"https:\/\/guiadenoticias.com.ar\/diario\/wp-json\/wp\/v2\/media\/5281"}],"wp:attachment":[{"href":"https:\/\/guiadenoticias.com.ar\/diario\/wp-json\/wp\/v2\/media?parent=14411"}],"wp:term":[{"taxonomy":"category","embeddable":true,"href":"https:\/\/guiadenoticias.com.ar\/diario\/wp-json\/wp\/v2\/categories?post=14411"},{"taxonomy":"post_tag","embeddable":true,"href":"https:\/\/guiadenoticias.com.ar\/diario\/wp-json\/wp\/v2\/tags?post=14411"}],"curies":[{"name":"wp","href":"https:\/\/api.w.org\/{rel}","templated":true}]}}