{"id":14459,"date":"2020-02-05T17:25:07","date_gmt":"2020-02-05T20:25:07","guid":{"rendered":"https:\/\/guiadenoticias.com.ar\/diario\/?p=14459"},"modified":"2020-02-05T17:25:07","modified_gmt":"2020-02-05T20:25:07","slug":"incorporaron-aparatos-aerobicos-para-personas-con-discapacidad","status":"publish","type":"post","link":"https:\/\/guiadenoticias.com.ar\/diario\/incorporaron-aparatos-aerobicos-para-personas-con-discapacidad\/","title":{"rendered":"Incorporaron aparatos aer\u00f3bicos para personas con discapacidad"},"content":{"rendered":"<p>El Paseo de Bicicletas, ubicado en Avenida de la Unidad Nacional, uno de los lugares m\u00e1s populares de San Isidro, es una de las alternativas m\u00e1s elegidas por los vecinos para entrenarse. Y para que todos puedan hacer gimnasia al aire libre, el municipio incorpor\u00f3 aparatos aer\u00f3bicos para personas con discapacidad, que mejoran la calidad de vida y fortalecen la musculatura.<\/p>\n<p>Tras recorrer el nuevo espacio, el intendente Gustavo Posse destac\u00f3 que \u00ablos espacios p\u00fablicos de San Isidro buscan generar un \u00e1mbito de integraci\u00f3n para que disfruten todos los vecinos junto a sus familias de manera m\u00e1s saludable. Son puntos de encuentro, recreaci\u00f3n y participaci\u00f3n, que fomentan la pr\u00e1ctica de la actividad f\u00edsica. El municipio se hace funcional a los sanisidrenses en todas las etapas de la vida\u201d.<\/p>\n<p>El subsecretario de Espacio P\u00fablico, Leandro Mart\u00edn, explic\u00f3, \u201ctenemos estaciones saludables en todas las localidades del distrito, y las acompa\u00f1amos con estos aparatos aer\u00f3bicos para que personas con y sin discapacidad puedan realizar actividad f\u00edsica al aire libre. Desde el municipio se persigue alentar y asistir a la igualdad de oportunidades\u201d.<\/p>\n<p>Hay varios modelos de aparatos para hacer gimnasia: manivela, que desarrolla la fuerza muscular de brazos y hombres; ruedas cervicales cu\u00e1druples que mejoran la postura corporal; ruedas cervicales que favorecen la fortaleza de miembros superiores (hombros, b\u00edceps y tr\u00edceps); platos giratorios que mejoran la coordinaci\u00f3n; y pesas integradoras que fortalecen y mejoran la postura del tren superior.<\/p>\n<p>Contra el sedentarismo, la hipertensi\u00f3n, el sobrepeso y otras afecciones caracter\u00edsticas de la vida urbana, las estaciones saludables se expanden por todo San Isidro como una variante sana y accesible para los vecinos.<\/p>\n","protected":false},"excerpt":{"rendered":"<p>El Paseo de Bicicletas, ubicado en Avenida de la Unidad Nacional, uno de los lugares m\u00e1s populares de San Isidro, es una de las alternativas m\u00e1s elegidas por los vecinos para entrenarse. Y para que todos puedan hacer gimnasia al aire libre, el municipio incorpor\u00f3 aparatos aer\u00f3bicos para personas con discapacidad, que mejoran la calidad [&hellip;]<\/p>\n","protected":false},"author":1,"featured_media":14460,"comment_status":"closed","ping_status":"open","sticky":false,"template":"","format":"standard","meta":{"footnotes":""},"categories":[19,20,21],"tags":[],"class_list":{"0":"post-14459","1":"post","2":"type-post","3":"status-publish","4":"format-standard","5":"has-post-thumbnail","7":"category-informacion-general","8":"category-municipios","9":"category-san-isidro"},"aioseo_notices":[],"_links":{"self":[{"href":"https:\/\/guiadenoticias.com.ar\/diario\/wp-json\/wp\/v2\/posts\/14459","targetHints":{"allow":["GET"]}}],"collection":[{"href":"https:\/\/guiadenoticias.com.ar\/diario\/wp-json\/wp\/v2\/posts"}],"about":[{"href":"https:\/\/guiadenoticias.com.ar\/diario\/wp-json\/wp\/v2\/types\/post"}],"author":[{"embeddable":true,"href":"https:\/\/guiadenoticias.com.ar\/diario\/wp-json\/wp\/v2\/users\/1"}],"replies":[{"embeddable":true,"href":"https:\/\/guiadenoticias.com.ar\/diario\/wp-json\/wp\/v2\/comments?post=14459"}],"version-history":[{"count":1,"href":"https:\/\/guiadenoticias.com.ar\/diario\/wp-json\/wp\/v2\/posts\/14459\/revisions"}],"predecessor-version":[{"id":14461,"href":"https:\/\/guiadenoticias.com.ar\/diario\/wp-json\/wp\/v2\/posts\/14459\/revisions\/14461"}],"wp:featuredmedia":[{"embeddable":true,"href":"https:\/\/guiadenoticias.com.ar\/diario\/wp-json\/wp\/v2\/media\/14460"}],"wp:attachment":[{"href":"https:\/\/guiadenoticias.com.ar\/diario\/wp-json\/wp\/v2\/media?parent=14459"}],"wp:term":[{"taxonomy":"category","embeddable":true,"href":"https:\/\/guiadenoticias.com.ar\/diario\/wp-json\/wp\/v2\/categories?post=14459"},{"taxonomy":"post_tag","embeddable":true,"href":"https:\/\/guiadenoticias.com.ar\/diario\/wp-json\/wp\/v2\/tags?post=14459"}],"curies":[{"name":"wp","href":"https:\/\/api.w.org\/{rel}","templated":true}]}}