{"id":1448,"date":"2016-04-02T18:57:23","date_gmt":"2016-04-02T21:57:23","guid":{"rendered":"http:\/\/guiadenoticias.com.ar\/diario\/?p=1448"},"modified":"2016-04-02T18:57:48","modified_gmt":"2016-04-02T21:57:48","slug":"luis-andreotti-desde-el-frente-renovador-estamos-preocupados-por-la-situacion","status":"publish","type":"post","link":"https:\/\/guiadenoticias.com.ar\/diario\/luis-andreotti-desde-el-frente-renovador-estamos-preocupados-por-la-situacion\/","title":{"rendered":"Luis Andreotti: \u201cDesde el Frente Renovador estamos preocupados por la situaci\u00f3n\u201d"},"content":{"rendered":"<p>Consultado por periodistas en relaci\u00f3n a los incrementos en las tarifas de los servicios p\u00fablicos, el intendente de San Fernando, Luis Andreotti, expres\u00f3: \u201cFuimos partidarios desde el primer momento, cuando se aument\u00f3 la luz, de que se haga por etapas y no que sea un incremento de una sola vez, ya que muchos precios estaban desactualizados, pero la gente no ahorr\u00f3 para solventar estos gastos, y los valores relativos de un d\u00eda al otro los empujan a dejar de consumir algunas cosas; hay que ser justo pero no se puede aumentar todo de golpe y eso nos tiene preocupados\u201d.<\/p>\n<p>En este sentido, coment\u00f3 que mantuvo un encuentro de trabajo con los jefes comunales del Frente Renovador, sus pares de Chivilcoy, Guillermo Britos; de Tigre, Julio Zamora; de Chascom\u00fas, Javier Gast\u00f3n; de Las Heras, Gabriel Osuna; de San Miguel del Monte, Sandra Mayol;\u00a0 y de San Andr\u00e9s de Giles, Carlos Javier Puglelli. Tambi\u00e9n participaron el diputado nacional Ra\u00fal P\u00e9rez y el legislador provincial Juan Andreotti.<\/p>\n<p>\u201cPlanteamos sostener reuniones semanalmente porque estamos preocupados por la situaci\u00f3n de los vecinos, que tambi\u00e9n repercute en los municipios, por lo que seguimos con atenci\u00f3n la inflaci\u00f3n, la falta de trabajo y la demora en la aplicaci\u00f3n de pol\u00edticas sociales\u201d, se\u00f1al\u00f3 Luis Andreotti.<\/p>\n<p>Por otro lado, el intendente exigi\u00f3 a Provincia \u201cla plata de los municipios que se destin\u00f3 en el presupuesto bonaerense a las obras p\u00fablicas, ya que vemos que parte del dinero que lleg\u00f3 se puso en Letras del Banco Central (Lebac) y plazos fijos.\u00a0 El inter\u00e9s que se genera es de los municipios\u201d.<\/p>\n<p>\u201cHemos acompa\u00f1ado lo que nos toc\u00f3 votar en la Legislatura, como la emergencia de infraestructura o el endeudamiento \u2013remarc\u00f3 -. Hicimos los que los concejales opositores no hacen en San Fernando, porque creemos en la necesidad de dar gobernabilidad y acompa\u00f1ar a una gesti\u00f3n nueva\u201d.<\/p>\n<p>Sin embargo, mostr\u00f3 su descontento con \u201clos aumentos de algunos servicios provinciales en el municipio como las horas adicionales \u2018Polad\u2019 que contratamos para atender a un problema de seguridad que es responsabilidad del mismo gobierno bonaerense y no resuelve. Gastamos todos los meses entre 15 y 20 mil horas adicionales de la Polic\u00eda en San Fernando\u201d.<\/p>\n","protected":false},"excerpt":{"rendered":"<p>Consultado por periodistas en relaci\u00f3n a los incrementos en las tarifas de los servicios p\u00fablicos, el intendente de San Fernando, Luis Andreotti, expres\u00f3: \u201cFuimos partidarios desde el primer momento, cuando se aument\u00f3 la luz, de que se haga por etapas y no que sea un incremento de una sola vez, ya que muchos precios estaban [&hellip;]<\/p>\n","protected":false},"author":1,"featured_media":1449,"comment_status":"closed","ping_status":"open","sticky":false,"template":"","format":"standard","meta":{"footnotes":""},"categories":[20,48,22],"tags":[],"class_list":{"0":"post-1448","1":"post","2":"type-post","3":"status-publish","4":"format-standard","5":"has-post-thumbnail","7":"category-municipios","8":"category-politica-argentina","9":"category-san-fernando"},"aioseo_notices":[],"_links":{"self":[{"href":"https:\/\/guiadenoticias.com.ar\/diario\/wp-json\/wp\/v2\/posts\/1448","targetHints":{"allow":["GET"]}}],"collection":[{"href":"https:\/\/guiadenoticias.com.ar\/diario\/wp-json\/wp\/v2\/posts"}],"about":[{"href":"https:\/\/guiadenoticias.com.ar\/diario\/wp-json\/wp\/v2\/types\/post"}],"author":[{"embeddable":true,"href":"https:\/\/guiadenoticias.com.ar\/diario\/wp-json\/wp\/v2\/users\/1"}],"replies":[{"embeddable":true,"href":"https:\/\/guiadenoticias.com.ar\/diario\/wp-json\/wp\/v2\/comments?post=1448"}],"version-history":[{"count":1,"href":"https:\/\/guiadenoticias.com.ar\/diario\/wp-json\/wp\/v2\/posts\/1448\/revisions"}],"predecessor-version":[{"id":1450,"href":"https:\/\/guiadenoticias.com.ar\/diario\/wp-json\/wp\/v2\/posts\/1448\/revisions\/1450"}],"wp:featuredmedia":[{"embeddable":true,"href":"https:\/\/guiadenoticias.com.ar\/diario\/wp-json\/wp\/v2\/media\/1449"}],"wp:attachment":[{"href":"https:\/\/guiadenoticias.com.ar\/diario\/wp-json\/wp\/v2\/media?parent=1448"}],"wp:term":[{"taxonomy":"category","embeddable":true,"href":"https:\/\/guiadenoticias.com.ar\/diario\/wp-json\/wp\/v2\/categories?post=1448"},{"taxonomy":"post_tag","embeddable":true,"href":"https:\/\/guiadenoticias.com.ar\/diario\/wp-json\/wp\/v2\/tags?post=1448"}],"curies":[{"name":"wp","href":"https:\/\/api.w.org\/{rel}","templated":true}]}}