{"id":14480,"date":"2020-02-12T11:17:49","date_gmt":"2020-02-12T14:17:49","guid":{"rendered":"https:\/\/guiadenoticias.com.ar\/diario\/?p=14480"},"modified":"2020-02-12T11:17:49","modified_gmt":"2020-02-12T14:17:49","slug":"trabajo-conjunto-entre-nacion-y-el-municipio-en-refaccion-de-escuelas","status":"publish","type":"post","link":"https:\/\/guiadenoticias.com.ar\/diario\/trabajo-conjunto-entre-nacion-y-el-municipio-en-refaccion-de-escuelas\/","title":{"rendered":"Trabajo conjunto entre Naci\u00f3n y el municipio en refacci\u00f3n de escuelas"},"content":{"rendered":"<p>El Ministerio de Desarrollo Social de Naci\u00f3n y el municipio de San Isidro firmaron un convenio por el cual durante el receso escolar de verano se realizar\u00e1n refacciones en escuelas provinciales del distrito.<\/p>\n<p>Daniel Men\u00e9ndez, subsecretario de Promoci\u00f3n de la Econom\u00eda Social y el Desarrollo Local, cont\u00f3 al respecto que \u201cla idea es generar desde los programas sociales una l\u00f3gica vinculada con el empleo, fortaleciendo la cultura del trabajo. Por una lado se mejoran los ingresos de familias humildes y, por otro, se mejoran las escuelas\u201d.<\/p>\n<p>\u201cEs muy positivo unificar esfuerzos en el trabajo y la educaci\u00f3n, dos pilares claves para construir una sociedad m\u00e1s inclusiva y salir adelante desde esas dos premisas\u201d, agreg\u00f3.<\/p>\n<p>Tras la firma del convenio, Posse sostuvo, \u201ccuando hay un problema, el Estado es uno solo, es muy bueno darle trabajo a gente de movimientos sociales para la puesta en valor de escuelas y garantizar as\u00ed el inicio de clases en condiciones dignas\u201d.<\/p>\n","protected":false},"excerpt":{"rendered":"<p>El Ministerio de Desarrollo Social de Naci\u00f3n y el municipio de San Isidro firmaron un convenio por el cual durante el receso escolar de verano se realizar\u00e1n refacciones en escuelas provinciales del distrito. Daniel Men\u00e9ndez, subsecretario de Promoci\u00f3n de la Econom\u00eda Social y el Desarrollo Local, cont\u00f3 al respecto que \u201cla idea es generar desde [&hellip;]<\/p>\n","protected":false},"author":1,"featured_media":14481,"comment_status":"closed","ping_status":"open","sticky":false,"template":"","format":"standard","meta":{"footnotes":""},"categories":[20,30,21],"tags":[],"class_list":{"0":"post-14480","1":"post","2":"type-post","3":"status-publish","4":"format-standard","5":"has-post-thumbnail","7":"category-municipios","8":"category-nacion","9":"category-san-isidro"},"aioseo_notices":[],"_links":{"self":[{"href":"https:\/\/guiadenoticias.com.ar\/diario\/wp-json\/wp\/v2\/posts\/14480","targetHints":{"allow":["GET"]}}],"collection":[{"href":"https:\/\/guiadenoticias.com.ar\/diario\/wp-json\/wp\/v2\/posts"}],"about":[{"href":"https:\/\/guiadenoticias.com.ar\/diario\/wp-json\/wp\/v2\/types\/post"}],"author":[{"embeddable":true,"href":"https:\/\/guiadenoticias.com.ar\/diario\/wp-json\/wp\/v2\/users\/1"}],"replies":[{"embeddable":true,"href":"https:\/\/guiadenoticias.com.ar\/diario\/wp-json\/wp\/v2\/comments?post=14480"}],"version-history":[{"count":1,"href":"https:\/\/guiadenoticias.com.ar\/diario\/wp-json\/wp\/v2\/posts\/14480\/revisions"}],"predecessor-version":[{"id":14482,"href":"https:\/\/guiadenoticias.com.ar\/diario\/wp-json\/wp\/v2\/posts\/14480\/revisions\/14482"}],"wp:featuredmedia":[{"embeddable":true,"href":"https:\/\/guiadenoticias.com.ar\/diario\/wp-json\/wp\/v2\/media\/14481"}],"wp:attachment":[{"href":"https:\/\/guiadenoticias.com.ar\/diario\/wp-json\/wp\/v2\/media?parent=14480"}],"wp:term":[{"taxonomy":"category","embeddable":true,"href":"https:\/\/guiadenoticias.com.ar\/diario\/wp-json\/wp\/v2\/categories?post=14480"},{"taxonomy":"post_tag","embeddable":true,"href":"https:\/\/guiadenoticias.com.ar\/diario\/wp-json\/wp\/v2\/tags?post=14480"}],"curies":[{"name":"wp","href":"https:\/\/api.w.org\/{rel}","templated":true}]}}