{"id":14598,"date":"2020-03-06T23:47:28","date_gmt":"2020-03-07T02:47:28","guid":{"rendered":"https:\/\/guiadenoticias.com.ar\/diario\/?p=14598"},"modified":"2020-03-06T23:47:28","modified_gmt":"2020-03-07T02:47:28","slug":"posse-dio-inicio-a-las-sesiones-ordinarias-del-concejo-deliberante","status":"publish","type":"post","link":"https:\/\/guiadenoticias.com.ar\/diario\/posse-dio-inicio-a-las-sesiones-ordinarias-del-concejo-deliberante\/","title":{"rendered":"Posse dio inicio a las sesiones ordinarias del Concejo Deliberante"},"content":{"rendered":"<p>Ante un recinto colmado, el intendente de San Isidro, Gustavo Posse, encabez\u00f3 la apertura de sesiones ordinarias del Concejo Deliberante. En un breve discurso, el jefe comunal hizo un repaso del \u00faltimo a\u00f1o y proyect\u00f3 obras para el presente 2020.<\/p>\n<p>\u201cEste es un momento para llevar tranquilidad y confianza, porque este a\u00f1o, con sus dificultades, seguiremos con el Plan Maestro, que tiene como eje principal mejorar la calidad de vida de la gente\u201d, aclar\u00f3 el jefe comunal.<\/p>\n<p>Adem\u00e1s, anunci\u00f3 el acondicionamiento del Parque P\u00fablico de Golf de Villa Adelina, el avance en las obras del Parque P\u00fablico del Puerto y la construcci\u00f3n de una sede administrativa municipal en la zona oeste. Tambi\u00e9n adelant\u00f3 la construcci\u00f3n de un paso bajo nivel en la calle Drago y otro en las calles Ituzaing\u00f3 y Brown, y un puente carretero en Rivadavia y Primera Junta.<\/p>\n<p>Relacionado con seguridad, Posse reiter\u00f3 el reclamo por mayor cantidad de polic\u00edas para las comisar\u00edas de San Isidro. \u201cNo se puede entender c\u00f3mo a\u00fan cuando nuestros vecinos hacen la mayor inversi\u00f3n en prevenci\u00f3n en materia de seguridad, no se env\u00eden m\u00e1s agentes policiales\u201d, increp\u00f3.<\/p>\n<p>En otro orden, manifest\u00f3 que \u201cinsistimos con las autonom\u00edas municipales para lograr acuerdos que beneficien a los sanisidrenses. Las subas de las tarifas de energ\u00eda el\u00e9ctrica se definen en mesas donde estamos ausentes los intendentes, pero los que terminan pagando esos aumentos son los vecinos. Queremos participar de esas discusiones. Confiamos en la madurez de los actuales gobernantes para garantizar los derechos de nuestros vecinos y continuar con las mejoras previstas y acordadas con administraciones anteriores\u201d.<\/p>\n<p>Y realiz\u00f3 una menci\u00f3n a los n\u00fameros del municipio: \u201cSi bien ya fue anunciado, es importante recordar que las subas de las tasas municipales siempre se mantendr\u00e1n por debajo de la inflaci\u00f3n, de tal manera que acompa\u00f1emos el esfuerzo de todos los vecinos en un contexto econ\u00f3mico con muchas dificultades\u201d.<\/p>\n","protected":false},"excerpt":{"rendered":"<p>Ante un recinto colmado, el intendente de San Isidro, Gustavo Posse, encabez\u00f3 la apertura de sesiones ordinarias del Concejo Deliberante. En un breve discurso, el jefe comunal hizo un repaso del \u00faltimo a\u00f1o y proyect\u00f3 obras para el presente 2020. \u201cEste es un momento para llevar tranquilidad y confianza, porque este a\u00f1o, con sus dificultades, [&hellip;]<\/p>\n","protected":false},"author":1,"featured_media":14599,"comment_status":"closed","ping_status":"open","sticky":false,"template":"","format":"standard","meta":{"footnotes":""},"categories":[20,48,21],"tags":[],"class_list":{"0":"post-14598","1":"post","2":"type-post","3":"status-publish","4":"format-standard","5":"has-post-thumbnail","7":"category-municipios","8":"category-politica-argentina","9":"category-san-isidro"},"aioseo_notices":[],"_links":{"self":[{"href":"https:\/\/guiadenoticias.com.ar\/diario\/wp-json\/wp\/v2\/posts\/14598","targetHints":{"allow":["GET"]}}],"collection":[{"href":"https:\/\/guiadenoticias.com.ar\/diario\/wp-json\/wp\/v2\/posts"}],"about":[{"href":"https:\/\/guiadenoticias.com.ar\/diario\/wp-json\/wp\/v2\/types\/post"}],"author":[{"embeddable":true,"href":"https:\/\/guiadenoticias.com.ar\/diario\/wp-json\/wp\/v2\/users\/1"}],"replies":[{"embeddable":true,"href":"https:\/\/guiadenoticias.com.ar\/diario\/wp-json\/wp\/v2\/comments?post=14598"}],"version-history":[{"count":1,"href":"https:\/\/guiadenoticias.com.ar\/diario\/wp-json\/wp\/v2\/posts\/14598\/revisions"}],"predecessor-version":[{"id":14600,"href":"https:\/\/guiadenoticias.com.ar\/diario\/wp-json\/wp\/v2\/posts\/14598\/revisions\/14600"}],"wp:featuredmedia":[{"embeddable":true,"href":"https:\/\/guiadenoticias.com.ar\/diario\/wp-json\/wp\/v2\/media\/14599"}],"wp:attachment":[{"href":"https:\/\/guiadenoticias.com.ar\/diario\/wp-json\/wp\/v2\/media?parent=14598"}],"wp:term":[{"taxonomy":"category","embeddable":true,"href":"https:\/\/guiadenoticias.com.ar\/diario\/wp-json\/wp\/v2\/categories?post=14598"},{"taxonomy":"post_tag","embeddable":true,"href":"https:\/\/guiadenoticias.com.ar\/diario\/wp-json\/wp\/v2\/tags?post=14598"}],"curies":[{"name":"wp","href":"https:\/\/api.w.org\/{rel}","templated":true}]}}