{"id":14606,"date":"2020-03-08T16:35:22","date_gmt":"2020-03-08T19:35:22","guid":{"rendered":"https:\/\/guiadenoticias.com.ar\/diario\/?p=14606"},"modified":"2020-03-16T21:29:26","modified_gmt":"2020-03-17T00:29:26","slug":"descalzo-debemos-trabajar-juntos-mas-alla-de-las-ideologias","status":"publish","type":"post","link":"https:\/\/guiadenoticias.com.ar\/diario\/descalzo-debemos-trabajar-juntos-mas-alla-de-las-ideologias\/","title":{"rendered":"Descalzo: \u201cDebemos trabajar juntos, m\u00e1s all\u00e1 de las ideolog\u00edas\u201d"},"content":{"rendered":"<p>En la apertura del 25\u00b0 per\u00edodo de sesiones ordinarias, Alberto Descalzo, intendente de Ituzaing\u00f3, detall\u00f3 los trabajos en materia de salud, inclusi\u00f3n, educaci\u00f3n y seguridad, que se hicieron en el municipio durante el mandato anterior de 2015-2019, \u00a0y asegur\u00f3 que esos ser\u00e1n tambi\u00e9n los ejes en los pr\u00f3ximos a\u00f1os.<\/p>\n<p>La sesi\u00f3n fue organizada en el sal\u00f3n de actos del colegio Esclavas del Sagrado Coraz\u00f3n de Jes\u00fas y cont\u00f3 con la presencia de concejales, funcionarios del Ejecutivo, la senadora provincial Marta P\u00e9rez y autoridades de diversos \u00e1mbitos.<\/p>\n<p>El jefe comunal comenz\u00f3 con una reflexi\u00f3n sobre la crisis que atraviesa el pa\u00eds. \u201cDurante cuatro a\u00f1os pasamos momentos muy dif\u00edciles, que repercutieron profundamente en la administraci\u00f3n de nuestro municipio. A partir del 10 de diciembre cambi\u00f3 la conducci\u00f3n pol\u00edtica nacional y provincial, y estamos convocados a trabajar con esperanza para superar este momento y volver a tener una provincia con justicia social, libertad econ\u00f3mica y soberan\u00eda pol\u00edtica\u201d.<\/p>\n<p>Agreg\u00f3 que \u201ctenemos la responsabilidad de sacar adelante a la Argentina y para eso debemos trabajar juntos, m\u00e1s all\u00e1 de las ideolog\u00edas. Jam\u00e1s sostendremos proyectos individuales ni clasistas. A la individualidad le respondemos con m\u00e1s derechos, con m\u00e1s unidad y compromiso\u201d.<\/p>\n<p>Con respecto a la salud, como uno de los ejes principales, Descalzo detall\u00f3: \u201cNuestro municipio pas\u00f3 por uno de los procesos m\u00e1s importantes de la historia de nuestra comunidad, porque gracias a la lucha colectiva de nuestros vecinos y con la firme decisi\u00f3n pol\u00edtica de abrir el Hospital de Ituzaing\u00f3, pudimos inaugurar la guardia y los consultorios externos. Dialogamos con las nuevas autoridades de PAMI, con Naci\u00f3n y con Provincia, para concluir la obra y lograr la apertura total para que la comunidad pueda acceder a una salud p\u00fablica y de calidad\u201d.<\/p>\n<p>En este sentido, consultado posteriormente por medios locales se refiri\u00f3 a las quejas de los vecinos por el funcionamiento del hospital. \u201cSe cumpli\u00f3 una etapa que era inaugurar la guardia y los consultores externos. Ahora trabajamos para abrirlo en su totalidad, pero eso no lo pod\u00eda hacer el municipio solo sin el apoyo de Naci\u00f3n. Las etapas est\u00e1n dentro del tiempo para abrir un hospital\u201d, indic\u00f3.<\/p>\n<p>Durante su discurso, Descalzo tambi\u00e9n hizo hincapi\u00e9 en temas referidos a la inclusi\u00f3n de las minor\u00edas: \u201cDesde el Estado municipal consideramos que para lograr un sistema que realmente incluya de forma equitativa a todos y todas, es necesario pensar en una gesti\u00f3n con perspectiva de g\u00e9nero en todos sus \u00e1mbitos. Atender las situaciones de violencia no alcanza para terminar con el machismo, tenemos que lograr un cambio culturar y as\u00ed construir un futuro que no excluya a nadie. Para eso, comenzaremos con una capacitaci\u00f3n a cargo de la soci\u00f3loga Dora Barrancos, en el marco de la Ley Micaela a todos los funcionarios y funcionarias municipales\u201d.<\/p>\n<p>Adem\u00e1s, deline\u00f3 los pr\u00f3ximos proyectos en materia de educaci\u00f3n. \u201cAvanzamos las gestiones con las universidades p\u00fablicas para la creaci\u00f3n de un Polo de Educaci\u00f3n Superior, donde se podr\u00e1n cursar materias de carreras de grado. Desde el Estado municipal hemos ayudado durante estos cuatro a\u00f1os a la comunidad educativa con recursos propios para garantizar el ciclo lectivo. Estamos seguros que recuperar la escuela p\u00fablica, reconstruir un sistema de salud p\u00fablico y reparar con desarrollo social el da\u00f1o provocado en los \u00faltimos cuatro a\u00f1os es la tarea que debemos asumir para poner la Argentina de pie\u201d.<\/p>\n<p>Al finalizar dicho mensaje, en di\u00e1logo con Gu\u00eda de Noticias, el intendente habl\u00f3 sobre el futuro del espacio pol\u00edtico, ya que no podr\u00eda ser reelecto una vez m\u00e1s: \u201cHoy somos un equipo que trabaja con gente joven y con experiencia. Me gustar\u00eda hacer el traspaso generacional como decimos en el peronismo. Yo voy a acompa\u00f1ar a los m\u00e1s j\u00f3venes para que tengan todo el conocimiento necesario para el futuro\u201d.<\/p>\n","protected":false},"excerpt":{"rendered":"<p>En la apertura del 25\u00b0 per\u00edodo de sesiones ordinarias, Alberto Descalzo, intendente de Ituzaing\u00f3, detall\u00f3 los trabajos en materia de salud, inclusi\u00f3n, educaci\u00f3n y seguridad, que se hicieron en el municipio durante el mandato anterior de 2015-2019, \u00a0y asegur\u00f3 que esos ser\u00e1n tambi\u00e9n los ejes en los pr\u00f3ximos a\u00f1os. La sesi\u00f3n fue organizada en el [&hellip;]<\/p>\n","protected":false},"author":1,"featured_media":14607,"comment_status":"closed","ping_status":"open","sticky":false,"template":"","format":"standard","meta":{"footnotes":""},"categories":[29,70,20,48],"tags":[],"class_list":{"0":"post-14606","1":"post","2":"type-post","3":"status-publish","4":"format-standard","5":"has-post-thumbnail","7":"category-ituzaingo","8":"category-las-mas-leidas","9":"category-municipios","10":"category-politica-argentina"},"aioseo_notices":[],"_links":{"self":[{"href":"https:\/\/guiadenoticias.com.ar\/diario\/wp-json\/wp\/v2\/posts\/14606","targetHints":{"allow":["GET"]}}],"collection":[{"href":"https:\/\/guiadenoticias.com.ar\/diario\/wp-json\/wp\/v2\/posts"}],"about":[{"href":"https:\/\/guiadenoticias.com.ar\/diario\/wp-json\/wp\/v2\/types\/post"}],"author":[{"embeddable":true,"href":"https:\/\/guiadenoticias.com.ar\/diario\/wp-json\/wp\/v2\/users\/1"}],"replies":[{"embeddable":true,"href":"https:\/\/guiadenoticias.com.ar\/diario\/wp-json\/wp\/v2\/comments?post=14606"}],"version-history":[{"count":1,"href":"https:\/\/guiadenoticias.com.ar\/diario\/wp-json\/wp\/v2\/posts\/14606\/revisions"}],"predecessor-version":[{"id":14608,"href":"https:\/\/guiadenoticias.com.ar\/diario\/wp-json\/wp\/v2\/posts\/14606\/revisions\/14608"}],"wp:featuredmedia":[{"embeddable":true,"href":"https:\/\/guiadenoticias.com.ar\/diario\/wp-json\/wp\/v2\/media\/14607"}],"wp:attachment":[{"href":"https:\/\/guiadenoticias.com.ar\/diario\/wp-json\/wp\/v2\/media?parent=14606"}],"wp:term":[{"taxonomy":"category","embeddable":true,"href":"https:\/\/guiadenoticias.com.ar\/diario\/wp-json\/wp\/v2\/categories?post=14606"},{"taxonomy":"post_tag","embeddable":true,"href":"https:\/\/guiadenoticias.com.ar\/diario\/wp-json\/wp\/v2\/tags?post=14606"}],"curies":[{"name":"wp","href":"https:\/\/api.w.org\/{rel}","templated":true}]}}