{"id":14624,"date":"2020-03-17T01:47:26","date_gmt":"2020-03-17T04:47:26","guid":{"rendered":"https:\/\/guiadenoticias.com.ar\/diario\/?p=14624"},"modified":"2020-03-17T01:49:25","modified_gmt":"2020-03-17T04:49:25","slug":"nuevas-medidas-municipales-ante-la-pandemia-de-coronavirus","status":"publish","type":"post","link":"https:\/\/guiadenoticias.com.ar\/diario\/nuevas-medidas-municipales-ante-la-pandemia-de-coronavirus\/","title":{"rendered":"Nuevas medidas municipales ante la pandemia de coronavirus"},"content":{"rendered":"<p><strong>SAN FERNANDO<\/strong><\/p>\n<p>Por prevenci\u00f3n del Coronavirus, el municipio acompa\u00f1a las medidas del gobierno nacional para ofrecer una mejor cobertura y atenci\u00f3n al evitar la concentraci\u00f3n de personas en dependencias p\u00fablicas, reduciendo el riesgo de contagio. Los hospitales municipales s\u00f3lo atender\u00e1n sus guardias de urgencias y los Centros de Salud las guardias cl\u00ednicas, suspendiendo las especialidades m\u00e9dicas hasta el 31 de marzo.<\/p>\n<p>En el caso del Hospital Municipal San Cayetano (Avenida Avellaneda 4850) funcionar\u00e1 su guardia UDP de 24horas para urgencias, con el laboratorio y el sector de diagn\u00f3stico por im\u00e1genes a su disposici\u00f3n. En tanto, el \u00e1rea de guardia odontol\u00f3gica atender\u00e1 \u00fanicamente urgencias en su horario de 8 a 19, y los consultorios externos ser\u00e1n limitados exclusivamente a controles de embarazo.<\/p>\n<p>Tambi\u00e9n el Hospital Oftalmol\u00f3gico Municipal (Necochea 1396) atender\u00e1 urgencias; y el Odontol\u00f3gico Dr. G\u00e1lvez (Portugal 2276) reprogramar\u00e1 sus turnos y mantendr\u00e1 disponible la enfermer\u00eda; mientras que en los 15 Centros de Salud s\u00f3lo se atender\u00e1n guardias cl\u00ednicas.<\/p>\n<p>Por prevenci\u00f3n se ver\u00e1n suspendidos temporalmente algunos programas de la Secretar\u00eda de Salud P\u00fablica, Desarrollo Humano y Pol\u00edticas Ambientales, como los grupos Codo a Codo, los Talleres de Fortalecimiento y el Centro de D\u00eda para Adultos Ciegos y Disminuidos Visuales, entre otros.<\/p>\n<p>En otro orden, la Comuna\u00a0 suspendi\u00f3 desde el lunes 16 hasta el 31 de marzo las actividades deportivas y torneos en los polideportivos, las clases en sedes educativas de todos los niveles y los espect\u00e1culos y eventos art\u00edsticos en centros culturales.<\/p>\n<p><strong>SAN ISIDRO<\/strong><\/p>\n<p>A trav\u00e9s del Decreto 494, el intendente de San Isidro, Gustavo Posse, cre\u00f3 un Comit\u00e9 de Emergencia y Actuaci\u00f3n ante el Covid- 19 y declar\u00f3 la emergencia sanitaria y epidemiol\u00f3gica para el municipio.<\/p>\n<p>El Decreto sigue las recomendaciones de la Organizaci\u00f3n Mundial de la Salud (OMS), que declar\u00f3 como pandemia al brote de COVID-19, y determin\u00f3 el estado de emergencia de salud p\u00fablica internacional. Y adhiere al Decreto Provincial 132\/2020.<\/p>\n<p>Dicho Comit\u00e9 est\u00e1 presidido por el jefe comunal, dirigido por el secretario de Salud P\u00fablica, e integrado tambi\u00e9n por el secretario General y funcionarios a cargo de las \u00e1reas de Ni\u00f1ez, Adolescencia y Comunidad; Inspecciones, Registros Urbanos y Tr\u00e1nsito; Higiene Urbana; Econom\u00eda y Presupuesto; Comunicaci\u00f3n; Acci\u00f3n Social; Prevenci\u00f3n Ciudadana; Recursos Humanos y Defensa Civil.<\/p>\n<p>Se impone adoptar un proceso de contenci\u00f3n para la detecci\u00f3n de los posibles casos de manera temprana, procurar el aislamiento de personas, brindar atenci\u00f3n adecuada a pacientes e implementar las medidas que resulten necesarias para la prevenci\u00f3n y el control, para reducir el riesgo de propagaci\u00f3n del virus.<\/p>\n<p>Tambi\u00e9n se establece que la Secretar\u00eda de Salud disponga las medidas necesarias o de reorganizaci\u00f3n del personal que la \u201csituaci\u00f3n de emergencia amerite para cubrir eficientemente la prestaci\u00f3n del servicio de salud, facult\u00e1ndolo de forma expresa a suspender las licencias anuales del personal que preste servicios en los establecimientos dependientes de esa Secretar\u00eda, como tambi\u00e9n adoptar todas las medidas y acciones de car\u00e1cter urgente que el abordaje de la emergencia requiera\u201d.<\/p>\n<p><strong>VICENTE L\u00d3PEZ<\/strong><\/p>\n<p>D\u00edas atr\u00e1s, el municipio inform\u00f3 que por tiempo indeterminado quedan suspendidas todo tipo de actividades, eventos culturales, deportivos y recitales de \u00edndole municipal. Adem\u00e1s, se mantendr\u00e1n cerrados los centros culturales, polideportivos, museos y visitas.<\/p>\n<p>Por otro lado, cobr\u00f3 gran notoriedad el caso del vecino que viol\u00f3 la cuarentena tras su regreso de Estados Unidos. Adem\u00e1s, Miguel \u00c1ngel Paz fue filmado cuando agredi\u00f3 con golpes e insultos al vigilador privado del edificio en donde vive junto con su familia.<\/p>\n<p>El protocolo determin\u00f3 que el personal de vigilancia fuera llevado al Hospital Houssay y el agresor ingres\u00f3 en una cuarentena domiciliaria, en calidad de detenido.<\/p>\n<p>Ante situaciones de estas caracter\u00edsticas, el municipio recomienda la r\u00e1pido llamada al 109, para accionar velozmente, de manera articulada con personal de Salud y Seguridad.<\/p>\n<p><strong>SAN MART\u00cdN<\/strong><\/p>\n<p>El intendente de San Mart\u00edn, Fernando Moreira, estableci\u00f3 la emergencia sanitaria a trav\u00e9s del Decreto Municipal 239\/2020. Mediante este instrumento suspende por un plazo de 15 d\u00edas la realizaci\u00f3n de todos los eventos culturales, art\u00edsticos, recreativos, deportivos y sociales de participaci\u00f3n masiva, incluidos los locales bailables.<\/p>\n<p>Por este lapso, el municipio estableci\u00f3 el cierre de museos, centros culturales y los espacios art\u00edsticos de la ciudad. Adem\u00e1s, quedan suspendidas las habilitaciones otorgadas por los organismos municipales para la realizaci\u00f3n de eventos de participaci\u00f3n masiva.<\/p>\n<p>Tambi\u00e9n se recomienda a las entidades cient\u00edficas, sindicales, acad\u00e9micas, religiosas y dem\u00e1s organizaciones de la sociedad civil evitar las grandes concentraciones de personas.<\/p>\n<p>Las actividades o eventos que no puedan ser reprogramados deber\u00e1n realizarse sin presencia de p\u00fablico.<\/p>\n<p>Por otra parte, la Municipalidad otorga la licencia excepcional de 14 d\u00edas a todos los trabajadores del sector p\u00fablico que hayan vuelto a la Argentina desde pa\u00edses con casos confirmados de Coronavirus, a fin de reducir las posibilidades de contagio.<\/p>\n<p>Asimismo, se lleva adelante una campa\u00f1a de difusi\u00f3n y concientizaci\u00f3n que llegar\u00e1 a todas las escuelas, clubes de barrio, centros de jubilados, efectores municipales; asimismo reforz\u00f3 la campa\u00f1a con informaci\u00f3n espec\u00edfica para las personas mayores de 65 a\u00f1os.<\/p>\n<p><strong>TRES DE FEBRERO<\/strong><\/p>\n<p>Para evitar la propagaci\u00f3n del virus es importante limitar la circulaci\u00f3n de personas, por eso, a la Municipalidad s\u00f3lo ingresan grupos limitados, con un distanciamiento de un metro, la fila se hace afuera y se coloc\u00f3 dispensers de alcohol en gel. Adem\u00e1s, se extremaron los cuidados de higiene y salubridad con fumigaciones y desinfecciones en todo el edificio. Desde la Comuna alientan asimismo a que los vecinos realicen los tr\u00e1mites online.<\/p>\n<p>Estas nuevas medidas se suman a las ya anunciadas relacionadas con la suspensi\u00f3n de clases en jardines municipales, eventos masivos, talleres de formaci\u00f3n, centros educativos y las actividades culturales, sociales y deportivas en establecimientos municipales. Los cuerpos de fiscalizaci\u00f3n y control verificar\u00e1n que se cumpla el protocolo y las resoluciones en los comercios e instituciones.<\/p>\n<p>A su vez, el municipio tiene a disposici\u00f3n dos canales para recepcionar denuncias en caso de que alguna persona no cumpla la cuarentena: 107 (SAME) o a trav\u00e9s de Ojos en Alerta al 11-2257-2662.<\/p>\n","protected":false},"excerpt":{"rendered":"<p>SAN FERNANDO Por prevenci\u00f3n del Coronavirus, el municipio acompa\u00f1a las medidas del gobierno nacional para ofrecer una mejor cobertura y atenci\u00f3n al evitar la concentraci\u00f3n de personas en dependencias p\u00fablicas, reduciendo el riesgo de contagio. Los hospitales municipales s\u00f3lo atender\u00e1n sus guardias de urgencias y los Centros de Salud las guardias cl\u00ednicas, suspendiendo las especialidades [&hellip;]<\/p>\n","protected":false},"author":1,"featured_media":14625,"comment_status":"closed","ping_status":"open","sticky":false,"template":"","format":"standard","meta":{"footnotes":""},"categories":[19,20,22,21,24,26,25],"tags":[],"class_list":{"0":"post-14624","1":"post","2":"type-post","3":"status-publish","4":"format-standard","5":"has-post-thumbnail","7":"category-informacion-general","8":"category-municipios","9":"category-san-fernando","10":"category-san-isidro","11":"category-san-martin","12":"category-tres-de-febrero","13":"category-vicente-lopez"},"aioseo_notices":[],"_links":{"self":[{"href":"https:\/\/guiadenoticias.com.ar\/diario\/wp-json\/wp\/v2\/posts\/14624","targetHints":{"allow":["GET"]}}],"collection":[{"href":"https:\/\/guiadenoticias.com.ar\/diario\/wp-json\/wp\/v2\/posts"}],"about":[{"href":"https:\/\/guiadenoticias.com.ar\/diario\/wp-json\/wp\/v2\/types\/post"}],"author":[{"embeddable":true,"href":"https:\/\/guiadenoticias.com.ar\/diario\/wp-json\/wp\/v2\/users\/1"}],"replies":[{"embeddable":true,"href":"https:\/\/guiadenoticias.com.ar\/diario\/wp-json\/wp\/v2\/comments?post=14624"}],"version-history":[{"count":2,"href":"https:\/\/guiadenoticias.com.ar\/diario\/wp-json\/wp\/v2\/posts\/14624\/revisions"}],"predecessor-version":[{"id":14627,"href":"https:\/\/guiadenoticias.com.ar\/diario\/wp-json\/wp\/v2\/posts\/14624\/revisions\/14627"}],"wp:featuredmedia":[{"embeddable":true,"href":"https:\/\/guiadenoticias.com.ar\/diario\/wp-json\/wp\/v2\/media\/14625"}],"wp:attachment":[{"href":"https:\/\/guiadenoticias.com.ar\/diario\/wp-json\/wp\/v2\/media?parent=14624"}],"wp:term":[{"taxonomy":"category","embeddable":true,"href":"https:\/\/guiadenoticias.com.ar\/diario\/wp-json\/wp\/v2\/categories?post=14624"},{"taxonomy":"post_tag","embeddable":true,"href":"https:\/\/guiadenoticias.com.ar\/diario\/wp-json\/wp\/v2\/tags?post=14624"}],"curies":[{"name":"wp","href":"https:\/\/api.w.org\/{rel}","templated":true}]}}