{"id":14666,"date":"2020-03-25T21:47:42","date_gmt":"2020-03-26T00:47:42","guid":{"rendered":"https:\/\/guiadenoticias.com.ar\/diario\/?p=14666"},"modified":"2020-04-08T20:31:54","modified_gmt":"2020-04-08T23:31:54","slug":"intendentes-de-zona-oeste-controlaran-el-corredor-de-avenida-marquez","status":"publish","type":"post","link":"https:\/\/guiadenoticias.com.ar\/diario\/intendentes-de-zona-oeste-controlaran-el-corredor-de-avenida-marquez\/","title":{"rendered":"Intendentes de zona oeste controlar\u00e1n el corredor de Avenida M\u00e1rquez"},"content":{"rendered":"<p>Mediante una videoconferencia, el intendente de Tres de Febrero, Diego Valenzuela, acord\u00f3 el trabajo en conjunto con otros cinco jefes comunales de la zona oeste para controlar puntos estrat\u00e9gicos sobre el corredor de Avenida M\u00e1rquez (Ruta Provincial 4) y garantizar que se cumpla el aislamiento obligatorio decretado por el gobierno nacional.<\/p>\n<p>Adem\u00e1s de Valenzuela, participaron de la reuni\u00f3n virtual los intendentes Juan Zabaleta de Hurlingham; Lucas Ghi de Mor\u00f3n; Jaime M\u00e9ndez de San Miguel; Fernando Moreira de San Mart\u00edn y Alberto Descalzo, de Ituzaing\u00f3.<\/p>\n<p>Desde el mediod\u00eda del mi\u00e9rcoles, las fuerzas policiales refuerzan los controles en la zona en 13 puntos estrat\u00e9gicos con verificaci\u00f3n activa de permisos para circular. \u201cEs importante que nos unamos los intendentes y trabajemos en equipo para reforzar los controles con las fuerzas de seguridad y optimizar los recursos que cada uno tiene\u201d, expres\u00f3 Valenzuela, y agreg\u00f3, \u201cs\u00f3lo dejaremos pasar los transportes abocados al abastecimiento de alimentos y seremos inflexibles con los que no pueden justificar por qu\u00e9 circulan\u201d.<\/p>\n","protected":false},"excerpt":{"rendered":"<p>Mediante una videoconferencia, el intendente de Tres de Febrero, Diego Valenzuela, acord\u00f3 el trabajo en conjunto con otros cinco jefes comunales de la zona oeste para controlar puntos estrat\u00e9gicos sobre el corredor de Avenida M\u00e1rquez (Ruta Provincial 4) y garantizar que se cumpla el aislamiento obligatorio decretado por el gobierno nacional. Adem\u00e1s de Valenzuela, participaron [&hellip;]<\/p>\n","protected":false},"author":1,"featured_media":14667,"comment_status":"closed","ping_status":"open","sticky":false,"template":"","format":"standard","meta":{"footnotes":""},"categories":[27,29,28,20,48,24,26],"tags":[72,74,73],"class_list":{"0":"post-14666","1":"post","2":"type-post","3":"status-publish","4":"format-standard","5":"has-post-thumbnail","7":"category-hurlingham","8":"category-ituzaingo","9":"category-moron","10":"category-municipios","11":"category-politica-argentina","12":"category-san-martin","13":"category-tres-de-febrero","14":"tag-diego-valenzuela","15":"tag-fernando-moreira","16":"tag-lucas-ghi"},"aioseo_notices":[],"_links":{"self":[{"href":"https:\/\/guiadenoticias.com.ar\/diario\/wp-json\/wp\/v2\/posts\/14666","targetHints":{"allow":["GET"]}}],"collection":[{"href":"https:\/\/guiadenoticias.com.ar\/diario\/wp-json\/wp\/v2\/posts"}],"about":[{"href":"https:\/\/guiadenoticias.com.ar\/diario\/wp-json\/wp\/v2\/types\/post"}],"author":[{"embeddable":true,"href":"https:\/\/guiadenoticias.com.ar\/diario\/wp-json\/wp\/v2\/users\/1"}],"replies":[{"embeddable":true,"href":"https:\/\/guiadenoticias.com.ar\/diario\/wp-json\/wp\/v2\/comments?post=14666"}],"version-history":[{"count":1,"href":"https:\/\/guiadenoticias.com.ar\/diario\/wp-json\/wp\/v2\/posts\/14666\/revisions"}],"predecessor-version":[{"id":14668,"href":"https:\/\/guiadenoticias.com.ar\/diario\/wp-json\/wp\/v2\/posts\/14666\/revisions\/14668"}],"wp:featuredmedia":[{"embeddable":true,"href":"https:\/\/guiadenoticias.com.ar\/diario\/wp-json\/wp\/v2\/media\/14667"}],"wp:attachment":[{"href":"https:\/\/guiadenoticias.com.ar\/diario\/wp-json\/wp\/v2\/media?parent=14666"}],"wp:term":[{"taxonomy":"category","embeddable":true,"href":"https:\/\/guiadenoticias.com.ar\/diario\/wp-json\/wp\/v2\/categories?post=14666"},{"taxonomy":"post_tag","embeddable":true,"href":"https:\/\/guiadenoticias.com.ar\/diario\/wp-json\/wp\/v2\/tags?post=14666"}],"curies":[{"name":"wp","href":"https:\/\/api.w.org\/{rel}","templated":true}]}}