{"id":14669,"date":"2020-03-25T22:40:50","date_gmt":"2020-03-26T01:40:50","guid":{"rendered":"https:\/\/guiadenoticias.com.ar\/diario\/?p=14669"},"modified":"2020-04-08T20:27:07","modified_gmt":"2020-04-08T23:27:07","slug":"reunion-de-intendentes-de-la-region-metropolitana-norte","status":"publish","type":"post","link":"https:\/\/guiadenoticias.com.ar\/diario\/reunion-de-intendentes-de-la-region-metropolitana-norte\/","title":{"rendered":"Reuni\u00f3n de intendentes de la Regi\u00f3n Metropolitana Norte"},"content":{"rendered":"<p>Tras el encuentro de la Regi\u00f3n Metropolitana Norte, el intendente de Vicente L\u00f3pez, Jorge Macri, declar\u00f3: \u201cNos reunimos con Juan Andreotti de San Fernando, Gustavo Posse de San Isidro y Julio Zamora de Tigre, acompa\u00f1ados por nuestros equipos de Salud, para coordinar mecanismos de atenci\u00f3n ante la emergencia del COVID-19\u201d.<\/p>\n<p>En ese sentido, el jefe comunal inform\u00f3, \u201cevaluamos la disponibilidad f\u00edsica y de recursos humanos en cada distrito para identificar c\u00f3mo hacer frente a esta pandemia con mayor eficiencia. Todos los hospitales municipales de la zona tienen la capacidad de recibir pacientes de Coronavirus, no tenemos una situaci\u00f3n de colapso del sistema, contamos con disponibilidad de camas\u201d.<\/p>\n<p>\u201cAfrontar esta emergencia trabajando en equipo nos permitir\u00e1 contar con una red sanitaria m\u00e1s extensa y organizada para frenar el avance de esta epidemia\u201d, finaliz\u00f3.<\/p>\n","protected":false},"excerpt":{"rendered":"<p>Tras el encuentro de la Regi\u00f3n Metropolitana Norte, el intendente de Vicente L\u00f3pez, Jorge Macri, declar\u00f3: \u201cNos reunimos con Juan Andreotti de San Fernando, Gustavo Posse de San Isidro y Julio Zamora de Tigre, acompa\u00f1ados por nuestros equipos de Salud, para coordinar mecanismos de atenci\u00f3n ante la emergencia del COVID-19\u201d. En ese sentido, el jefe [&hellip;]<\/p>\n","protected":false},"author":1,"featured_media":14670,"comment_status":"closed","ping_status":"open","sticky":false,"template":"","format":"standard","meta":{"footnotes":""},"categories":[20,48,22,21,23,25],"tags":[76],"class_list":{"0":"post-14669","1":"post","2":"type-post","3":"status-publish","4":"format-standard","5":"has-post-thumbnail","7":"category-municipios","8":"category-politica-argentina","9":"category-san-fernando","10":"category-san-isidro","11":"category-tigre","12":"category-vicente-lopez","13":"tag-juan-andreotti"},"aioseo_notices":[],"_links":{"self":[{"href":"https:\/\/guiadenoticias.com.ar\/diario\/wp-json\/wp\/v2\/posts\/14669","targetHints":{"allow":["GET"]}}],"collection":[{"href":"https:\/\/guiadenoticias.com.ar\/diario\/wp-json\/wp\/v2\/posts"}],"about":[{"href":"https:\/\/guiadenoticias.com.ar\/diario\/wp-json\/wp\/v2\/types\/post"}],"author":[{"embeddable":true,"href":"https:\/\/guiadenoticias.com.ar\/diario\/wp-json\/wp\/v2\/users\/1"}],"replies":[{"embeddable":true,"href":"https:\/\/guiadenoticias.com.ar\/diario\/wp-json\/wp\/v2\/comments?post=14669"}],"version-history":[{"count":1,"href":"https:\/\/guiadenoticias.com.ar\/diario\/wp-json\/wp\/v2\/posts\/14669\/revisions"}],"predecessor-version":[{"id":14671,"href":"https:\/\/guiadenoticias.com.ar\/diario\/wp-json\/wp\/v2\/posts\/14669\/revisions\/14671"}],"wp:featuredmedia":[{"embeddable":true,"href":"https:\/\/guiadenoticias.com.ar\/diario\/wp-json\/wp\/v2\/media\/14670"}],"wp:attachment":[{"href":"https:\/\/guiadenoticias.com.ar\/diario\/wp-json\/wp\/v2\/media?parent=14669"}],"wp:term":[{"taxonomy":"category","embeddable":true,"href":"https:\/\/guiadenoticias.com.ar\/diario\/wp-json\/wp\/v2\/categories?post=14669"},{"taxonomy":"post_tag","embeddable":true,"href":"https:\/\/guiadenoticias.com.ar\/diario\/wp-json\/wp\/v2\/tags?post=14669"}],"curies":[{"name":"wp","href":"https:\/\/api.w.org\/{rel}","templated":true}]}}