{"id":14685,"date":"2020-03-29T21:24:01","date_gmt":"2020-03-30T00:24:01","guid":{"rendered":"https:\/\/guiadenoticias.com.ar\/diario\/?p=14685"},"modified":"2020-04-06T18:25:59","modified_gmt":"2020-04-06T21:25:59","slug":"valenzuela-y-katopodis-recorrieron-las-obras-del-hospital-modular-de-emergencia","status":"publish","type":"post","link":"https:\/\/guiadenoticias.com.ar\/diario\/valenzuela-y-katopodis-recorrieron-las-obras-del-hospital-modular-de-emergencia\/","title":{"rendered":"Valenzuela y Katopodis recorrieron las obras del Hospital Modular de Emergencia"},"content":{"rendered":"<p>El intendente de Tres de Febrero, Diego Valenzuela, recorri\u00f3 la construcci\u00f3n del nuevo Hospital Modular de Emergencia de Mart\u00edn Coronado junto con Gabriel Katopodis, ministro de Obras P\u00fablicas de Naci\u00f3n.<\/p>\n<p>En el marco del Plan Nacional de Ampliaci\u00f3n de Hospitales, este lugar tendr\u00e1 la misi\u00f3n de atender la emergencia sanitaria por el coronavirus y descomprimir a los otros hospitales de la zona. Estar\u00e1 instalado al lado del Centro de Salud Arturo Illia (Avenida Per\u00f3n y Matienzo), donde funciona una de las bases del SAME.<\/p>\n<p>El jefe comunal indic\u00f3 que \u201cla obra avanza muy r\u00e1pido como la emergencia sanitaria lo amerita en este momento; todos los niveles estatales hacemos grandes esfuerzos para contar con sus servicios lo antes posible\u201d.<\/p>\n<p>En estos momentos, los obreros terminan la platea de 600 metros cuadrados sobre la que se construir\u00e1n los m\u00f3dulos del hospital. El \u00e1rea de Obras P\u00fablicas de la Municipalidad de Tres de Febrero se encarga de coordinar y supervisar los avances de la construcci\u00f3n, y los centros deportivos sirven como alojamiento moment\u00e1neo de los trabajadores para que no tengan que viajar y se expongan al virus mientras contin\u00fae el aislamiento social obligatorio. Una vez terminada la obra, el Ministerio de Salud de Naci\u00f3n dispondr\u00e1 el equipo m\u00e9dico y toda la aparatolog\u00eda necesaria: 40 camas de terapia intensiva, ox\u00edgeno y respiradores.<\/p>\n<p>\u201cEs fundamental el trabajo en equipo sin distinciones partidarias, entre todos trabajamos codo a codo para prepararnos de la mejor ante los posibles efectos de la pandemia\u201d, concluy\u00f3 Valenzuela.<\/p>\n","protected":false},"excerpt":{"rendered":"<p>El intendente de Tres de Febrero, Diego Valenzuela, recorri\u00f3 la construcci\u00f3n del nuevo Hospital Modular de Emergencia de Mart\u00edn Coronado junto con Gabriel Katopodis, ministro de Obras P\u00fablicas de Naci\u00f3n. En el marco del Plan Nacional de Ampliaci\u00f3n de Hospitales, este lugar tendr\u00e1 la misi\u00f3n de atender la emergencia sanitaria por el coronavirus y descomprimir [&hellip;]<\/p>\n","protected":false},"author":1,"featured_media":14686,"comment_status":"closed","ping_status":"open","sticky":false,"template":"","format":"standard","meta":{"footnotes":""},"categories":[19,70,20,30,26],"tags":[72],"class_list":{"0":"post-14685","1":"post","2":"type-post","3":"status-publish","4":"format-standard","5":"has-post-thumbnail","7":"category-informacion-general","8":"category-las-mas-leidas","9":"category-municipios","10":"category-nacion","11":"category-tres-de-febrero","12":"tag-diego-valenzuela"},"aioseo_notices":[],"_links":{"self":[{"href":"https:\/\/guiadenoticias.com.ar\/diario\/wp-json\/wp\/v2\/posts\/14685","targetHints":{"allow":["GET"]}}],"collection":[{"href":"https:\/\/guiadenoticias.com.ar\/diario\/wp-json\/wp\/v2\/posts"}],"about":[{"href":"https:\/\/guiadenoticias.com.ar\/diario\/wp-json\/wp\/v2\/types\/post"}],"author":[{"embeddable":true,"href":"https:\/\/guiadenoticias.com.ar\/diario\/wp-json\/wp\/v2\/users\/1"}],"replies":[{"embeddable":true,"href":"https:\/\/guiadenoticias.com.ar\/diario\/wp-json\/wp\/v2\/comments?post=14685"}],"version-history":[{"count":1,"href":"https:\/\/guiadenoticias.com.ar\/diario\/wp-json\/wp\/v2\/posts\/14685\/revisions"}],"predecessor-version":[{"id":14687,"href":"https:\/\/guiadenoticias.com.ar\/diario\/wp-json\/wp\/v2\/posts\/14685\/revisions\/14687"}],"wp:featuredmedia":[{"embeddable":true,"href":"https:\/\/guiadenoticias.com.ar\/diario\/wp-json\/wp\/v2\/media\/14686"}],"wp:attachment":[{"href":"https:\/\/guiadenoticias.com.ar\/diario\/wp-json\/wp\/v2\/media?parent=14685"}],"wp:term":[{"taxonomy":"category","embeddable":true,"href":"https:\/\/guiadenoticias.com.ar\/diario\/wp-json\/wp\/v2\/categories?post=14685"},{"taxonomy":"post_tag","embeddable":true,"href":"https:\/\/guiadenoticias.com.ar\/diario\/wp-json\/wp\/v2\/tags?post=14685"}],"curies":[{"name":"wp","href":"https:\/\/api.w.org\/{rel}","templated":true}]}}