{"id":14709,"date":"2020-04-02T22:35:19","date_gmt":"2020-04-03T01:35:19","guid":{"rendered":"https:\/\/guiadenoticias.com.ar\/diario\/?p=14709"},"modified":"2020-04-11T02:21:37","modified_gmt":"2020-04-11T05:21:37","slug":"el-municipio-dispuso-medidas-para-el-mercado-de-beccar","status":"publish","type":"post","link":"https:\/\/guiadenoticias.com.ar\/diario\/el-municipio-dispuso-medidas-para-el-mercado-de-beccar\/","title":{"rendered":"El municipio dispuso medidas para el Mercado de Beccar"},"content":{"rendered":"<p>A partir de indicaciones de las autoridades sanitarias, el municipio de San Isidro dispuso nuevas medidas para el Mercado de Frutas y Verduras de Beccar (ubicado en Avenida Andr\u00e9s Rol\u00f3n 2560), con el fin de proteger a la poblaci\u00f3n y aplacar la propagaci\u00f3n del Coronavirus (COVID-19).<\/p>\n<p><strong>Dispuso lo siguiente:<\/strong><\/p>\n<p>-Se respetar\u00e1n estrictamente los horarios estipulados por el mercado.<\/p>\n<p>-Se har\u00e1n desinfecciones con lavandina diluida en agua entre la descarga y la habilitaci\u00f3n de venta.<\/p>\n<p>-Se entrar\u00e1 al mercado por una sola puerta: personal, proveedores y compradores. All\u00ed se les tomar\u00e1 la temperatura y deber\u00e1n lavarse las manos con alcohol en gel antes de ingresar.<\/p>\n<p>-Proveedores y compradores har\u00e1n filas separados por al m\u00ednimo 1.5 metros y entrar\u00e1n en tandas para cumplir con el distanciamiento sanitario.<\/p>\n<p>-El personal de los puestos deber\u00e1, luego de cada venta y de haber manipulado dinero, lavarse las manos con alcohol en gel antes de atender al pr\u00f3ximo cliente.<\/p>\n<p>La Comuna tambi\u00e9n inform\u00f3 que atender\u00e1 y cumplir\u00e1 todas las medidas y consejos del comit\u00e9 de crisis conformado por autoridades del Mercado, representantes del Servicio Nacional de Sanidad y Calidad Agroalimentaria (Senasa) y referentes municipales para hacer frente a la emergencia sanitaria que decret\u00f3 el Poder Ejecutivo Nacional.<\/p>\n","protected":false},"excerpt":{"rendered":"<p>A partir de indicaciones de las autoridades sanitarias, el municipio de San Isidro dispuso nuevas medidas para el Mercado de Frutas y Verduras de Beccar (ubicado en Avenida Andr\u00e9s Rol\u00f3n 2560), con el fin de proteger a la poblaci\u00f3n y aplacar la propagaci\u00f3n del Coronavirus (COVID-19). Dispuso lo siguiente: -Se respetar\u00e1n estrictamente los horarios estipulados [&hellip;]<\/p>\n","protected":false},"author":1,"featured_media":14710,"comment_status":"closed","ping_status":"open","sticky":false,"template":"","format":"standard","meta":{"footnotes":""},"categories":[19,20,21],"tags":[81,75],"class_list":{"0":"post-14709","1":"post","2":"type-post","3":"status-publish","4":"format-standard","5":"has-post-thumbnail","7":"category-informacion-general","8":"category-municipios","9":"category-san-isidro","10":"tag-coronavirus","11":"tag-gustavo-posse"},"aioseo_notices":[],"_links":{"self":[{"href":"https:\/\/guiadenoticias.com.ar\/diario\/wp-json\/wp\/v2\/posts\/14709","targetHints":{"allow":["GET"]}}],"collection":[{"href":"https:\/\/guiadenoticias.com.ar\/diario\/wp-json\/wp\/v2\/posts"}],"about":[{"href":"https:\/\/guiadenoticias.com.ar\/diario\/wp-json\/wp\/v2\/types\/post"}],"author":[{"embeddable":true,"href":"https:\/\/guiadenoticias.com.ar\/diario\/wp-json\/wp\/v2\/users\/1"}],"replies":[{"embeddable":true,"href":"https:\/\/guiadenoticias.com.ar\/diario\/wp-json\/wp\/v2\/comments?post=14709"}],"version-history":[{"count":1,"href":"https:\/\/guiadenoticias.com.ar\/diario\/wp-json\/wp\/v2\/posts\/14709\/revisions"}],"predecessor-version":[{"id":14711,"href":"https:\/\/guiadenoticias.com.ar\/diario\/wp-json\/wp\/v2\/posts\/14709\/revisions\/14711"}],"wp:featuredmedia":[{"embeddable":true,"href":"https:\/\/guiadenoticias.com.ar\/diario\/wp-json\/wp\/v2\/media\/14710"}],"wp:attachment":[{"href":"https:\/\/guiadenoticias.com.ar\/diario\/wp-json\/wp\/v2\/media?parent=14709"}],"wp:term":[{"taxonomy":"category","embeddable":true,"href":"https:\/\/guiadenoticias.com.ar\/diario\/wp-json\/wp\/v2\/categories?post=14709"},{"taxonomy":"post_tag","embeddable":true,"href":"https:\/\/guiadenoticias.com.ar\/diario\/wp-json\/wp\/v2\/tags?post=14709"}],"curies":[{"name":"wp","href":"https:\/\/api.w.org\/{rel}","templated":true}]}}